{"id":79993,"date":"2025-04-03T06:21:01","date_gmt":"2025-04-03T12:21:01","guid":{"rendered":"https:\/\/elinformante.mx\/?p=79993"},"modified":"2025-04-03T06:21:03","modified_gmt":"2025-04-03T12:21:03","slug":"instalan-en-zinacantepec-el-primer-sistema-de-proteccion-integral-de-ninas-ninos-y-adolescentes","status":"publish","type":"post","link":"https:\/\/elinformante.mx\/?p=79993","title":{"rendered":"Instalan en Zinacantepec el primer Sistema de Protecci\u00f3n Integral de Ni\u00f1as, Ni\u00f1os y Adolescentes"},"content":{"rendered":"\n<figure class=\"wp-block-pullquote\"><blockquote><p>Vilchis Viveros reafirm\u00f3 se construye un presente m\u00e1s justo para que tengan un futuro digno y lleno de oportunidades<\/p><\/blockquote><\/figure>\n\n\n\n<p class=\"has-drop-cap wp-block-paragraph\">Con el prop\u00f3sito de continuar impulsando programas en beneficio de la ni\u00f1ez, el presidente municipal de Zinacantepec, Manuel Vilchis Viveros, instal\u00f3 el Primer Sistema Municipal de Protecci\u00f3n Integral de Ni\u00f1as, Ni\u00f1os y Adolescentes (SIPINNA) para el periodo 2025-2027.<br><\/p>\n\n\n\n<p class=\"wp-block-paragraph\">Este programa se cre\u00f3 con el fin de impulsar las pol\u00edticas p\u00fablicas y trabajar de manera interdisciplinaria para garantizar los derechos de este sector de la poblaci\u00f3n en el municipio, se\u00f1al\u00f3 Vilchis Viveros.<br><\/p>\n\n\n\n<p class=\"wp-block-paragraph\">Durante la presentaci\u00f3n tambi\u00e9n se tom\u00f3 protesta a los integrantes del consejo, a qui\u00e9nes Vilchis Viveros exhort\u00f3 a trabajar en equipo para llevar a cabo acciones y estrategias coordinadas que garanticen una vida libre de violencia, pobreza y maltrato a las ni\u00f1as, ni\u00f1os y adolescentes de Zinacantepec.<br><\/p>\n\n\n\n<p class=\"wp-block-paragraph\">Marco Antonio Cantinca R\u00f3mulo, fue nombrado como el Responsable Municipal de SIPINNA en Zinacantepec, adem\u00e1s que ser\u00e1 el enlace ante la Secretar\u00eda Ejecutiva del Sipinna del Estado de M\u00e9xico.<br><\/p>\n\n\n\n<p class=\"wp-block-paragraph\">Manuel Vilchis se\u00f1al\u00f3 que en el municipio se trabaja por el bienestar de las ni\u00f1as, ni\u00f1os y adolescentes es una responsabilidad compartida y prioritaria.<br><\/p>\n\n\n\n<p class=\"wp-block-paragraph\">Reafirm\u00f3 que en Zinacantepec se construye un presente m\u00e1s justo para que tengan un futuro digno y lleno de oportunidades; para ello se continuara trabajando para impulsar m\u00e1s oportunidades para que construyan una sociedad s\u00f3lida, ya que el resultado de formar buenos ciudadanos se refleja en el desarrollo del municipio y sus habitantes.<\/p>\n","protected":false},"excerpt":{"rendered":"<p>Vilchis Viveros reafirm\u00f3 se construye un presente m\u00e1s justo para que tengan un futuro digno y lleno de oportunidades Con el prop\u00f3sito de continuar impulsando programas en beneficio de la ni\u00f1ez, el presidente municipal de Zinacantepec, Manuel Vilchis Viveros, instal\u00f3 el Primer Sistema Municipal de Protecci\u00f3n Integral de Ni\u00f1as, Ni\u00f1os y Adolescentes (SIPINNA) para el [&hellip;]<\/p>\n","protected":false},"author":1,"featured_media":79994,"comment_status":"closed","ping_status":"closed","sticky":false,"template":"","format":"standard","meta":{"footnotes":""},"categories":[36],"tags":[],"class_list":["post-79993","post","type-post","status-publish","format-standard","has-post-thumbnail","hentry","category-edomex"],"_links":{"self":[{"href":"https:\/\/elinformante.mx\/index.php?rest_route=\/wp\/v2\/posts\/79993","targetHints":{"allow":["GET"]}}],"collection":[{"href":"https:\/\/elinformante.mx\/index.php?rest_route=\/wp\/v2\/posts"}],"about":[{"href":"https:\/\/elinformante.mx\/index.php?rest_route=\/wp\/v2\/types\/post"}],"author":[{"embeddable":true,"href":"https:\/\/elinformante.mx\/index.php?rest_route=\/wp\/v2\/users\/1"}],"replies":[{"embeddable":true,"href":"https:\/\/elinformante.mx\/index.php?rest_route=%2Fwp%2Fv2%2Fcomments&post=79993"}],"version-history":[{"count":0,"href":"https:\/\/elinformante.mx\/index.php?rest_route=\/wp\/v2\/posts\/79993\/revisions"}],"wp:featuredmedia":[{"embeddable":true,"href":"https:\/\/elinformante.mx\/index.php?rest_route=\/wp\/v2\/media\/79994"}],"wp:attachment":[{"href":"https:\/\/elinformante.mx\/index.php?rest_route=%2Fwp%2Fv2%2Fmedia&parent=79993"}],"wp:term":[{"taxonomy":"category","embeddable":true,"href":"https:\/\/elinformante.mx\/index.php?rest_route=%2Fwp%2Fv2%2Fcategories&post=79993"},{"taxonomy":"post_tag","embeddable":true,"href":"https:\/\/elinformante.mx\/index.php?rest_route=%2Fwp%2Fv2%2Ftags&post=79993"}],"curies":[{"name":"wp","href":"https:\/\/api.w.org\/{rel}","templated":true}]}}