{"id":80007,"date":"2025-04-03T06:35:33","date_gmt":"2025-04-03T12:35:33","guid":{"rendered":"https:\/\/elinformante.mx\/?p=80007"},"modified":"2025-04-03T06:35:35","modified_gmt":"2025-04-03T12:35:35","slug":"mediadoras-y-mediadores-del-pjedomex-claves-en-la-reconstruccion-del-tejido-social","status":"publish","type":"post","link":"https:\/\/elinformante.mx\/?p=80007","title":{"rendered":"Mediadoras y mediadores del PJEdom\u00e9x claves en la reconstrucci\u00f3n del tejido social"},"content":{"rendered":"\n<figure class=\"wp-block-pullquote\"><blockquote><p>Los integrantes de los Centros de Mediaci\u00f3n se reunieron para homologar criterios en procesos de Justicia Restaurativa.<\/p><\/blockquote><\/figure>\n\n\n\n<p class=\"has-drop-cap wp-block-paragraph\">Por el trabajo de las y los mediadores es posible que la Justicia Restaurativa no se quede en la ley o en una carta de buenas intenciones, pues con su sensibilidad se convierten en un factor determinante de la reconstrucci\u00f3n del tejido social de la entidad m\u00e1s importante del pa\u00eds, afirm\u00f3 Fernando D\u00edaz Ju\u00e1rez, titular del Poder Judicial del Estado de M\u00e9xico.<br><\/p>\n\n\n\n<p class=\"wp-block-paragraph\">Al dirigirse a 45 integrantes de los 24 Centros de Mediaci\u00f3n, Conciliaci\u00f3n y Justicia Restaurativa del PJEdom\u00e9x, D\u00edaz Ju\u00e1rez reconoci\u00f3 el compromiso y empe\u00f1o diario en el desarrollo de sus funciones, ya que resuelven los conflictos en todas las materias y logran que dos personas con intereses encontrados obtengan una alternativa de soluci\u00f3n.<br><\/p>\n\n\n\n<p class=\"wp-block-paragraph\">Durante la Reuni\u00f3n de trabajo para la homologaci\u00f3n y seguimiento de procesos restaurativos en materia Familiar y Penal, el Magistrado Presidente enfatiz\u00f3 que ante los momentos hist\u00f3ricos que vive el Poder Judicial, sentar las bases de un cambio para resolver con cercan\u00eda, gentileza y empat\u00eda con la ciudadan\u00eda mexiquense, es fundamental.<br><\/p>\n\n\n\n<p class=\"wp-block-paragraph\">\u201cMe sorprende gratamente que el organismo que da vida a la justicia restaurativa en el Estado de M\u00e9xico se conforma dos a uno por mujeres, eso me llena de satisfacci\u00f3n y orgullo, les reconozco porque ustedes materializan la posibilidad de que la justicia restaurativa no se quede simplemente en la Ley de Mecanismos Alternativos de Soluci\u00f3n de Controversias\u201d refiri\u00f3 el Presidente del Tribunal Superior de Justicia de la entidad.<br><\/p>\n\n\n\n<p class=\"wp-block-paragraph\">Sergio Valls Esponda, Director del Centro Estatal de Mediaci\u00f3n, Conciliaci\u00f3n y Justicia Restaurativa del PJEdom\u00e9x subray\u00f3 la importancia de la capacitaci\u00f3n constante de las personas facilitadoras ante la implementaci\u00f3n de la Ley General de Mecanismos Alternativos de Soluci\u00f3n de Controversias, ya que desempe\u00f1an una labor fundamental sobre todo en materia Familiar, lo que ha convertido al Tribunal Superior de Justicia mexiquense en referente nacional e internacional.<br><\/p>\n\n\n\n<p class=\"wp-block-paragraph\">Ivonne Mar\u00eda Paniagua Bueno, Directora de Justicia Restaurativa ahond\u00f3 en el desarrollo de los procedimientos en materia Familiar; factores espec\u00edficos como la salud mental o las adicciones y las v\u00edas para concluir los casos.<br><\/p>\n\n\n\n<p class=\"wp-block-paragraph\">Edgar Espino Herrera, Titular de la Unidad de Tecnolog\u00edas de la Informaci\u00f3n del Centro present\u00f3 el sistema de seguimiento de acuerdos reparatorios y seguimiento de convenios en materia mercantil y Denise Moreno Moreno, Titular de la Unidad de Seguimiento a Apoyo expuso el M\u00f3dulo de Juntas Informativas, etapa fundamental en los procedimientos de justicia restaurativa.<br><\/p>\n\n\n\n<p class=\"wp-block-paragraph\">Durante el encuentro, el Magistrado Presidente Fernando D\u00edaz Ju\u00e1rez, present\u00f3 a Ricardo Joya Cepeda, Coordinador General de Acceso a la Justicia.<\/p>\n\n\n\n<p class=\"wp-block-paragraph\"><\/p>\n","protected":false},"excerpt":{"rendered":"<p>Los integrantes de los Centros de Mediaci\u00f3n se reunieron para homologar criterios en procesos de Justicia Restaurativa. Por el trabajo de las y los mediadores es posible que la Justicia Restaurativa no se quede en la ley o en una carta de buenas intenciones, pues con su sensibilidad se convierten en un factor determinante de [&hellip;]<\/p>\n","protected":false},"author":1,"featured_media":80008,"comment_status":"closed","ping_status":"closed","sticky":false,"template":"","format":"standard","meta":{"footnotes":""},"categories":[36],"tags":[],"class_list":["post-80007","post","type-post","status-publish","format-standard","has-post-thumbnail","hentry","category-edomex"],"_links":{"self":[{"href":"https:\/\/elinformante.mx\/index.php?rest_route=\/wp\/v2\/posts\/80007","targetHints":{"allow":["GET"]}}],"collection":[{"href":"https:\/\/elinformante.mx\/index.php?rest_route=\/wp\/v2\/posts"}],"about":[{"href":"https:\/\/elinformante.mx\/index.php?rest_route=\/wp\/v2\/types\/post"}],"author":[{"embeddable":true,"href":"https:\/\/elinformante.mx\/index.php?rest_route=\/wp\/v2\/users\/1"}],"replies":[{"embeddable":true,"href":"https:\/\/elinformante.mx\/index.php?rest_route=%2Fwp%2Fv2%2Fcomments&post=80007"}],"version-history":[{"count":0,"href":"https:\/\/elinformante.mx\/index.php?rest_route=\/wp\/v2\/posts\/80007\/revisions"}],"wp:featuredmedia":[{"embeddable":true,"href":"https:\/\/elinformante.mx\/index.php?rest_route=\/wp\/v2\/media\/80008"}],"wp:attachment":[{"href":"https:\/\/elinformante.mx\/index.php?rest_route=%2Fwp%2Fv2%2Fmedia&parent=80007"}],"wp:term":[{"taxonomy":"category","embeddable":true,"href":"https:\/\/elinformante.mx\/index.php?rest_route=%2Fwp%2Fv2%2Fcategories&post=80007"},{"taxonomy":"post_tag","embeddable":true,"href":"https:\/\/elinformante.mx\/index.php?rest_route=%2Fwp%2Fv2%2Ftags&post=80007"}],"curies":[{"name":"wp","href":"https:\/\/api.w.org\/{rel}","templated":true}]}}