{"id":80010,"date":"2025-04-03T06:38:46","date_gmt":"2025-04-03T12:38:46","guid":{"rendered":"https:\/\/elinformante.mx\/?p=80010"},"modified":"2025-04-03T06:38:49","modified_gmt":"2025-04-03T12:38:49","slug":"uaemex-inaugura-programa-abril-mes-de-la-lectura-dedicado-a-sofia-segovia","status":"publish","type":"post","link":"https:\/\/elinformante.mx\/?p=80010","title":{"rendered":"UAEM\u00e9x inaugura programa \u201cAbril, Mes de la Lectura\u201d, dedicado a Sof\u00eda Segovia"},"content":{"rendered":"\n<figure class=\"wp-block-pullquote\"><blockquote><p>Desde su instauraci\u00f3n en 1997, este programa universitario ha sido un espacio de promoci\u00f3n literaria con un enfoque integral.<\/p><\/blockquote><\/figure>\n\n\n\n<p class=\"has-drop-cap wp-block-paragraph\">Con el objetivo de fomentar el h\u00e1bito de la lectura y fortalecer la comunidad acad\u00e9mica a trav\u00e9s de las letras, la Universidad Aut\u00f3noma del Estado de M\u00e9xico (UAEM\u00e9x) inaugur\u00f3 la edici\u00f3n 2025 del programa \u201cAbril, Mes de la Lectura\u201d.<br><\/p>\n\n\n\n<p class=\"wp-block-paragraph\">En esta ocasi\u00f3n, la instituci\u00f3n rinde homenaje a la escritora, periodista y conferencista Sof\u00eda Segovia, cuya trayectoria ha dejado una huella significativa en la literatura contempor\u00e1nea.<br><\/p>\n\n\n\n<p class=\"wp-block-paragraph\">Desde su instauraci\u00f3n en 1997, este programa universitario ha sido un espacio de promoci\u00f3n literaria con un enfoque integral.<br><\/p>\n\n\n\n<p class=\"wp-block-paragraph\">Para esta edici\u00f3n, se han programado m\u00e1s de 300 actividades que incluyen presentaciones de libros, exposiciones, funciones teatrales, conferencias, cuentacuentos y la tradicional liturgia literaria. Adem\u00e1s, el evento se inscribe en el marco de la celebraci\u00f3n del D\u00eda Mundial del Libro y los Derechos de Autor, instaurado por la Organizaci\u00f3n de las Naciones Unidas (ONU) en 1988.<br><\/p>\n\n\n\n<p class=\"wp-block-paragraph\">La conferencia inaugural estuvo a cargo de Sof\u00eda Segovia, quien comparti\u00f3 su visi\u00f3n sobre la importancia de la lectura como un puente entre la imaginaci\u00f3n y la realidad. En su ponencia, destac\u00f3 que la literatura es una herramienta poderosa para la creaci\u00f3n y el entendimiento social.<br><\/p>\n\n\n\n<figure class=\"wp-block-image size-large\"><img fetchpriority=\"high\" decoding=\"async\" width=\"1024\" height=\"506\" src=\"https:\/\/elinformante.mx\/wp-content\/uploads\/2025\/04\/10uaemex-3-1024x506.jpg\" alt=\"\" class=\"wp-image-80012\" srcset=\"https:\/\/elinformante.mx\/wp-content\/uploads\/2025\/04\/10uaemex-3-1024x506.jpg 1024w, https:\/\/elinformante.mx\/wp-content\/uploads\/2025\/04\/10uaemex-3-300x148.jpg 300w, https:\/\/elinformante.mx\/wp-content\/uploads\/2025\/04\/10uaemex-3-768x379.jpg 768w, https:\/\/elinformante.mx\/wp-content\/uploads\/2025\/04\/10uaemex-3.jpg 1140w\" sizes=\"(max-width: 1024px) 100vw, 1024px\" \/><\/figure>\n\n\n\n<p class=\"wp-block-paragraph\">\u201cAlimentarnos de arte, libros e historia nos ense\u00f1a lo capaces que somos como seres humanos de crear y compartir historias que nos forman en comunidad\u201d, expres\u00f3 la autora originaria de Monterrey, Nuevo Le\u00f3n.<br><\/p>\n\n\n\n<p class=\"wp-block-paragraph\">Asimismo, la escritora abord\u00f3 el papel de la inteligencia artificial en el proceso creativo y la manera en que la lectura ha evolucionado con los nuevos formatos digitales y auditivos.<br><\/p>\n\n\n\n<p class=\"wp-block-paragraph\">\u201cLas herramientas con las que contamos actualmente son importantes para nuestra propia evoluci\u00f3n; sin embargo, no deben ser utilizadas para hacer todo el trabajo. Es nuestra capacidad creativa la que nos hace grandes contadores de historias, no la inteligencia artificial\u201d, subray\u00f3 Segovia.<br><\/p>\n\n\n\n<p class=\"wp-block-paragraph\">Finalmente, exhort\u00f3 a la comunidad auriverde a participar en las diversas actividades del programa, resaltando la importancia de fortalecer el inter\u00e9s por la lectura y la creaci\u00f3n literaria.<br><\/p>\n\n\n\n<p class=\"wp-block-paragraph\">Sof\u00eda Segovia ha consolidado una destacada trayectoria en el mundo literario con cuatro libros publicados. Su obra m\u00e1s reconocida, El murmullo de las abejas (2015), ha sido traducida a 20 idiomas y ha superado el mill\u00f3n de ejemplares vendidos a nivel mundial. En 2024, public\u00f3 De lector a escritor, un texto en el que reflexiona sobre el proceso de escritura y la formaci\u00f3n de nuevos autores.<br><\/p>\n\n\n\n<p class=\"wp-block-paragraph\">El evento inaugural tuvo lugar en el Edificio de Educaci\u00f3n Continua y Digital de la UAEM\u00e9x y cont\u00f3 con la presencia de integrantes del Gabinete Universitario, directores de \u00e1rea de la Secretar\u00eda de Docencia, representantes de la editorial Penguin Random House y miembros de la comunidad universitaria.<\/p>\n","protected":false},"excerpt":{"rendered":"<p>Desde su instauraci\u00f3n en 1997, este programa universitario ha sido un espacio de promoci\u00f3n literaria con un enfoque integral. Con el objetivo de fomentar el h\u00e1bito de la lectura y fortalecer la comunidad acad\u00e9mica a trav\u00e9s de las letras, la Universidad Aut\u00f3noma del Estado de M\u00e9xico (UAEM\u00e9x) inaugur\u00f3 la edici\u00f3n 2025 del programa \u201cAbril, Mes [&hellip;]<\/p>\n","protected":false},"author":1,"featured_media":80011,"comment_status":"closed","ping_status":"closed","sticky":false,"template":"","format":"standard","meta":{"footnotes":""},"categories":[30,36],"tags":[],"class_list":["post-80010","post","type-post","status-publish","format-standard","has-post-thumbnail","hentry","category-destacado","category-edomex"],"_links":{"self":[{"href":"https:\/\/elinformante.mx\/index.php?rest_route=\/wp\/v2\/posts\/80010","targetHints":{"allow":["GET"]}}],"collection":[{"href":"https:\/\/elinformante.mx\/index.php?rest_route=\/wp\/v2\/posts"}],"about":[{"href":"https:\/\/elinformante.mx\/index.php?rest_route=\/wp\/v2\/types\/post"}],"author":[{"embeddable":true,"href":"https:\/\/elinformante.mx\/index.php?rest_route=\/wp\/v2\/users\/1"}],"replies":[{"embeddable":true,"href":"https:\/\/elinformante.mx\/index.php?rest_route=%2Fwp%2Fv2%2Fcomments&post=80010"}],"version-history":[{"count":0,"href":"https:\/\/elinformante.mx\/index.php?rest_route=\/wp\/v2\/posts\/80010\/revisions"}],"wp:featuredmedia":[{"embeddable":true,"href":"https:\/\/elinformante.mx\/index.php?rest_route=\/wp\/v2\/media\/80011"}],"wp:attachment":[{"href":"https:\/\/elinformante.mx\/index.php?rest_route=%2Fwp%2Fv2%2Fmedia&parent=80010"}],"wp:term":[{"taxonomy":"category","embeddable":true,"href":"https:\/\/elinformante.mx\/index.php?rest_route=%2Fwp%2Fv2%2Fcategories&post=80010"},{"taxonomy":"post_tag","embeddable":true,"href":"https:\/\/elinformante.mx\/index.php?rest_route=%2Fwp%2Fv2%2Ftags&post=80010"}],"curies":[{"name":"wp","href":"https:\/\/api.w.org\/{rel}","templated":true}]}}