{"id":80014,"date":"2025-04-03T06:46:11","date_gmt":"2025-04-03T12:46:11","guid":{"rendered":"https:\/\/elinformante.mx\/?p=80014"},"modified":"2025-04-03T06:46:14","modified_gmt":"2025-04-03T12:46:14","slug":"ramirez-ponce-da-banderazo-a-trabajos-de-desazolve-en-el-rio-viejo-lerma","status":"publish","type":"post","link":"https:\/\/elinformante.mx\/?p=80014","title":{"rendered":"Ram\u00edrez Ponce da banderazo a trabajos de desazolve en el R\u00edo Viejo, Lerma"},"content":{"rendered":"\n<figure class=\"wp-block-pullquote\"><blockquote><p>El objetivo de estas acciones es el desalojar las aguas pluviales con intersecci\u00f3n con el R\u00edo Ameyalco.<\/p><\/blockquote><\/figure>\n\n\n\n<p class=\"has-drop-cap wp-block-paragraph\">La Comisi\u00f3n del Agua del Estado de M\u00e9xico (CAEM) y la Comisi\u00f3n Nacional del Agua, junto al gobierno del municipio de Lerma, encabezado por el presidente municipal, Miguel \u00c1ngel Ram\u00edrez Ponce, dieron inicio a los trabajos de limpieza y desazolve de la parte baja de R\u00edo Viejo.<br><\/p>\n\n\n\n<p class=\"wp-block-paragraph\">El objetivo de estas acciones es el desalojar las aguas pluviales con intersecci\u00f3n con el R\u00edo Ameyalco, buscando prevenir las posibles inundaciones durante la temporada de lluvias 2025.<br><\/p>\n\n\n\n<figure class=\"wp-block-image size-large\"><img fetchpriority=\"high\" decoding=\"async\" width=\"1024\" height=\"506\" src=\"https:\/\/elinformante.mx\/wp-content\/uploads\/2025\/04\/8LERMA-3-1024x506.jpg\" alt=\"\" class=\"wp-image-80016\" srcset=\"https:\/\/elinformante.mx\/wp-content\/uploads\/2025\/04\/8LERMA-3-1024x506.jpg 1024w, https:\/\/elinformante.mx\/wp-content\/uploads\/2025\/04\/8LERMA-3-300x148.jpg 300w, https:\/\/elinformante.mx\/wp-content\/uploads\/2025\/04\/8LERMA-3-768x379.jpg 768w, https:\/\/elinformante.mx\/wp-content\/uploads\/2025\/04\/8LERMA-3.jpg 1140w\" sizes=\"(max-width: 1024px) 100vw, 1024px\" \/><\/figure>\n\n\n\n<p class=\"wp-block-paragraph\">Ram\u00edrez Ponce tambi\u00e9n refiri\u00f3 la integraci\u00f3n de un protocolo de prevenci\u00f3n y acci\u00f3n inmediata, con servicios especializados y un equipo de trabajo capacitado para prevenir riesgos y atender con prontitud cualquier incidencia.<br><\/p>\n\n\n\n<p class=\"wp-block-paragraph\">De esta manera, se\u00f1al\u00f3 Ram\u00edrez Ponce, se trabaja en Lerma en coordinaci\u00f3n entre los tres \u00f3rdenes de gobierno, para disminuir riesgos por contingencias hidrometeorol\u00f3gicas.<\/p>\n","protected":false},"excerpt":{"rendered":"<p>El objetivo de estas acciones es el desalojar las aguas pluviales con intersecci\u00f3n con el R\u00edo Ameyalco. La Comisi\u00f3n del Agua del Estado de M\u00e9xico (CAEM) y la Comisi\u00f3n Nacional del Agua, junto al gobierno del municipio de Lerma, encabezado por el presidente municipal, Miguel \u00c1ngel Ram\u00edrez Ponce, dieron inicio a los trabajos de limpieza [&hellip;]<\/p>\n","protected":false},"author":1,"featured_media":80015,"comment_status":"closed","ping_status":"closed","sticky":false,"template":"","format":"standard","meta":{"footnotes":""},"categories":[30,36,31],"tags":[],"class_list":["post-80014","post","type-post","status-publish","format-standard","has-post-thumbnail","hentry","category-destacado","category-edomex","category-portada"],"_links":{"self":[{"href":"https:\/\/elinformante.mx\/index.php?rest_route=\/wp\/v2\/posts\/80014","targetHints":{"allow":["GET"]}}],"collection":[{"href":"https:\/\/elinformante.mx\/index.php?rest_route=\/wp\/v2\/posts"}],"about":[{"href":"https:\/\/elinformante.mx\/index.php?rest_route=\/wp\/v2\/types\/post"}],"author":[{"embeddable":true,"href":"https:\/\/elinformante.mx\/index.php?rest_route=\/wp\/v2\/users\/1"}],"replies":[{"embeddable":true,"href":"https:\/\/elinformante.mx\/index.php?rest_route=%2Fwp%2Fv2%2Fcomments&post=80014"}],"version-history":[{"count":0,"href":"https:\/\/elinformante.mx\/index.php?rest_route=\/wp\/v2\/posts\/80014\/revisions"}],"wp:featuredmedia":[{"embeddable":true,"href":"https:\/\/elinformante.mx\/index.php?rest_route=\/wp\/v2\/media\/80015"}],"wp:attachment":[{"href":"https:\/\/elinformante.mx\/index.php?rest_route=%2Fwp%2Fv2%2Fmedia&parent=80014"}],"wp:term":[{"taxonomy":"category","embeddable":true,"href":"https:\/\/elinformante.mx\/index.php?rest_route=%2Fwp%2Fv2%2Fcategories&post=80014"},{"taxonomy":"post_tag","embeddable":true,"href":"https:\/\/elinformante.mx\/index.php?rest_route=%2Fwp%2Fv2%2Ftags&post=80014"}],"curies":[{"name":"wp","href":"https:\/\/api.w.org\/{rel}","templated":true}]}}