{"id":80018,"date":"2025-04-03T06:49:29","date_gmt":"2025-04-03T12:49:29","guid":{"rendered":"https:\/\/elinformante.mx\/?p=80018"},"modified":"2025-04-03T06:54:16","modified_gmt":"2025-04-03T12:54:16","slug":"delfina-gomez-entre-los-mejores-calificados","status":"publish","type":"post","link":"https:\/\/elinformante.mx\/?p=80018","title":{"rendered":"Delfina G\u00f3mez entre los mejores calificados"},"content":{"rendered":"\n<figure class=\"wp-block-pullquote\"><blockquote><p>Con una tendencia al alza, mantiene un liderazgo s\u00f3lido que cuenta con el respaldo ciudadano.<\/p><\/blockquote><\/figure>\n\n\n\n<p class=\"has-drop-cap wp-block-paragraph\">La gobernadora del Estado de M\u00e9xico, Delfina G\u00f3mez \u00c1lvarez, contin\u00faa consolid\u00e1ndose como una figura clave en la pol\u00edtica nacional, con un respaldo ciudadano significativo reflejado en diversas encuestas realizadas durante marzo de 2025.<br><\/p>\n\n\n\n<figure class=\"wp-block-image size-large\"><img fetchpriority=\"high\" decoding=\"async\" width=\"1024\" height=\"506\" src=\"https:\/\/elinformante.mx\/wp-content\/uploads\/2025\/04\/8DEL-GRAF-1024x506.jpg\" alt=\"\" class=\"wp-image-80020\" srcset=\"https:\/\/elinformante.mx\/wp-content\/uploads\/2025\/04\/8DEL-GRAF-1024x506.jpg 1024w, https:\/\/elinformante.mx\/wp-content\/uploads\/2025\/04\/8DEL-GRAF-300x148.jpg 300w, https:\/\/elinformante.mx\/wp-content\/uploads\/2025\/04\/8DEL-GRAF-768x379.jpg 768w, https:\/\/elinformante.mx\/wp-content\/uploads\/2025\/04\/8DEL-GRAF.jpg 1140w\" sizes=\"(max-width: 1024px) 100vw, 1024px\" \/><\/figure>\n\n\n\n<p class=\"wp-block-paragraph\">Demoscopia Digital destac\u00f3 que G\u00f3mez \u00c1lvarez cuenta con una aprobaci\u00f3n del 62.9%, posicion\u00e1ndola en el s\u00e9ptimo lugar a nivel nacional. Este resultado subraya la confianza de los mexiquenses en su liderazgo, especialmente considerando que en diciembre de 2024 alcanz\u00f3 su mejor evaluaci\u00f3n con un 66.8%. Se encuentra entre los mandatarios mejor evaluados, junto a figuras como Julio Menchaca de Hidalgo y Marina del Pilar de Baja California.<br><\/p>\n\n\n\n<figure class=\"wp-block-image size-large\"><img decoding=\"async\" width=\"1024\" height=\"506\" src=\"https:\/\/elinformante.mx\/wp-content\/uploads\/2025\/04\/8DEL-GRAF-2A-1024x506.jpg\" alt=\"\" class=\"wp-image-80021\" srcset=\"https:\/\/elinformante.mx\/wp-content\/uploads\/2025\/04\/8DEL-GRAF-2A-1024x506.jpg 1024w, https:\/\/elinformante.mx\/wp-content\/uploads\/2025\/04\/8DEL-GRAF-2A-300x148.jpg 300w, https:\/\/elinformante.mx\/wp-content\/uploads\/2025\/04\/8DEL-GRAF-2A-768x379.jpg 768w, https:\/\/elinformante.mx\/wp-content\/uploads\/2025\/04\/8DEL-GRAF-2A.jpg 1140w\" sizes=\"(max-width: 1024px) 100vw, 1024px\" \/><\/figure>\n\n\n\n<p class=\"wp-block-paragraph\">Por su parte, CE Research resalt\u00f3 que, a pesar de los desaf\u00edos, Delfina G\u00f3mez mantiene una s\u00f3lida aprobaci\u00f3n del 53.6%, lo que refleja su capacidad para enfrentar temas clave como seguridad, salud y empleo. Este estudio tambi\u00e9n posiciona a la gobernadora como una l\u00edder comprometida con el bienestar de su estado.<br><\/p>\n\n\n\n<figure class=\"wp-block-image size-large\"><img decoding=\"async\" width=\"1024\" height=\"506\" src=\"https:\/\/elinformante.mx\/wp-content\/uploads\/2025\/04\/8DEL-GRAF-3A-1024x506.jpg\" alt=\"\" class=\"wp-image-80022\" srcset=\"https:\/\/elinformante.mx\/wp-content\/uploads\/2025\/04\/8DEL-GRAF-3A-1024x506.jpg 1024w, https:\/\/elinformante.mx\/wp-content\/uploads\/2025\/04\/8DEL-GRAF-3A-300x148.jpg 300w, https:\/\/elinformante.mx\/wp-content\/uploads\/2025\/04\/8DEL-GRAF-3A-768x379.jpg 768w, https:\/\/elinformante.mx\/wp-content\/uploads\/2025\/04\/8DEL-GRAF-3A.jpg 1140w\" sizes=\"(max-width: 1024px) 100vw, 1024px\" \/><\/figure>\n\n\n\n<p class=\"wp-block-paragraph\">Finalmente, GobernArte reafirm\u00f3 su lugar en el s\u00e9ptimo puesto nacional, con una aprobaci\u00f3n del 62.1%. Este reconocimiento destaca su habilidad para implementar pol\u00edticas que generan impacto positivo en la vida de los ciudadanos mexiquenses.<br><\/p>\n\n\n\n<figure class=\"wp-block-image size-large\"><img loading=\"lazy\" decoding=\"async\" width=\"826\" height=\"1024\" src=\"https:\/\/elinformante.mx\/wp-content\/uploads\/2025\/04\/8DEL-GRAF-A-826x1024.jpg\" alt=\"\" class=\"wp-image-80023\" srcset=\"https:\/\/elinformante.mx\/wp-content\/uploads\/2025\/04\/8DEL-GRAF-A-826x1024.jpg 826w, https:\/\/elinformante.mx\/wp-content\/uploads\/2025\/04\/8DEL-GRAF-A-242x300.jpg 242w, https:\/\/elinformante.mx\/wp-content\/uploads\/2025\/04\/8DEL-GRAF-A-768x952.jpg 768w, https:\/\/elinformante.mx\/wp-content\/uploads\/2025\/04\/8DEL-GRAF-A.jpg 1140w\" sizes=\"(max-width: 826px) 100vw, 826px\" \/><\/figure>\n\n\n\n<p class=\"wp-block-paragraph\">A pesar de las variaciones naturales en las encuestas, Delfina G\u00f3mez sigue siendo una l\u00edder que inspira confianza y respaldo. Su enfoque en la seguridad, el manejo eficiente de recursos y el desarrollo de pol\u00edticas innovadoras refuerzan su compromiso con el progreso del Estado de M\u00e9xico.<\/p>\n\n\n\n<p class=\"wp-block-paragraph\"><\/p>\n\n\n\n<figure class=\"wp-block-image size-large\"><img loading=\"lazy\" decoding=\"async\" width=\"823\" height=\"1024\" src=\"https:\/\/elinformante.mx\/wp-content\/uploads\/2025\/04\/8DEL-GRAF-3-823x1024.jpg\" alt=\"\" class=\"wp-image-80024\" srcset=\"https:\/\/elinformante.mx\/wp-content\/uploads\/2025\/04\/8DEL-GRAF-3-823x1024.jpg 823w, https:\/\/elinformante.mx\/wp-content\/uploads\/2025\/04\/8DEL-GRAF-3-241x300.jpg 241w, https:\/\/elinformante.mx\/wp-content\/uploads\/2025\/04\/8DEL-GRAF-3-768x955.jpg 768w, https:\/\/elinformante.mx\/wp-content\/uploads\/2025\/04\/8DEL-GRAF-3.jpg 1140w\" sizes=\"(max-width: 823px) 100vw, 823px\" \/><\/figure>\n\n\n\n<p class=\"wp-block-paragraph\"><\/p>\n\n\n\n<figure class=\"wp-block-image size-large\"><img loading=\"lazy\" decoding=\"async\" width=\"402\" height=\"1024\" src=\"https:\/\/elinformante.mx\/wp-content\/uploads\/2025\/04\/8DEL-GRAF-2-402x1024.jpg\" alt=\"\" class=\"wp-image-80025\" srcset=\"https:\/\/elinformante.mx\/wp-content\/uploads\/2025\/04\/8DEL-GRAF-2-402x1024.jpg 402w, https:\/\/elinformante.mx\/wp-content\/uploads\/2025\/04\/8DEL-GRAF-2-118x300.jpg 118w, https:\/\/elinformante.mx\/wp-content\/uploads\/2025\/04\/8DEL-GRAF-2-768x1956.jpg 768w, https:\/\/elinformante.mx\/wp-content\/uploads\/2025\/04\/8DEL-GRAF-2-603x1536.jpg 603w, https:\/\/elinformante.mx\/wp-content\/uploads\/2025\/04\/8DEL-GRAF-2-804x2048.jpg 804w, https:\/\/elinformante.mx\/wp-content\/uploads\/2025\/04\/8DEL-GRAF-2-scaled.jpg 1005w\" sizes=\"(max-width: 402px) 100vw, 402px\" \/><\/figure>\n","protected":false},"excerpt":{"rendered":"<p>Con una tendencia al alza, mantiene un liderazgo s\u00f3lido que cuenta con el respaldo ciudadano. La gobernadora del Estado de M\u00e9xico, Delfina G\u00f3mez \u00c1lvarez, contin\u00faa consolid\u00e1ndose como una figura clave en la pol\u00edtica nacional, con un respaldo ciudadano significativo reflejado en diversas encuestas realizadas durante marzo de 2025. Demoscopia Digital destac\u00f3 que G\u00f3mez \u00c1lvarez cuenta [&hellip;]<\/p>\n","protected":false},"author":1,"featured_media":80019,"comment_status":"closed","ping_status":"closed","sticky":false,"template":"","format":"standard","meta":{"footnotes":""},"categories":[30,36,31],"tags":[46],"class_list":["post-80018","post","type-post","status-publish","format-standard","has-post-thumbnail","hentry","category-destacado","category-edomex","category-portada","tag-portadaedomex"],"_links":{"self":[{"href":"https:\/\/elinformante.mx\/index.php?rest_route=\/wp\/v2\/posts\/80018","targetHints":{"allow":["GET"]}}],"collection":[{"href":"https:\/\/elinformante.mx\/index.php?rest_route=\/wp\/v2\/posts"}],"about":[{"href":"https:\/\/elinformante.mx\/index.php?rest_route=\/wp\/v2\/types\/post"}],"author":[{"embeddable":true,"href":"https:\/\/elinformante.mx\/index.php?rest_route=\/wp\/v2\/users\/1"}],"replies":[{"embeddable":true,"href":"https:\/\/elinformante.mx\/index.php?rest_route=%2Fwp%2Fv2%2Fcomments&post=80018"}],"version-history":[{"count":0,"href":"https:\/\/elinformante.mx\/index.php?rest_route=\/wp\/v2\/posts\/80018\/revisions"}],"wp:featuredmedia":[{"embeddable":true,"href":"https:\/\/elinformante.mx\/index.php?rest_route=\/wp\/v2\/media\/80019"}],"wp:attachment":[{"href":"https:\/\/elinformante.mx\/index.php?rest_route=%2Fwp%2Fv2%2Fmedia&parent=80018"}],"wp:term":[{"taxonomy":"category","embeddable":true,"href":"https:\/\/elinformante.mx\/index.php?rest_route=%2Fwp%2Fv2%2Fcategories&post=80018"},{"taxonomy":"post_tag","embeddable":true,"href":"https:\/\/elinformante.mx\/index.php?rest_route=%2Fwp%2Fv2%2Ftags&post=80018"}],"curies":[{"name":"wp","href":"https:\/\/api.w.org\/{rel}","templated":true}]}}