{"id":80067,"date":"2025-04-03T15:32:31","date_gmt":"2025-04-03T21:32:31","guid":{"rendered":"https:\/\/elinformante.mx\/?p=80067"},"modified":"2025-04-03T15:32:32","modified_gmt":"2025-04-03T21:32:32","slug":"sheinbaum-celebra-que-mexico-esta-exento-de-aranceles-de-eu","status":"publish","type":"post","link":"https:\/\/elinformante.mx\/?p=80067","title":{"rendered":"SHEINBAUM CELEBRA QUE M\u00c9XICO EST\u00c1 EXENTO DE ARANCELES DE EU"},"content":{"rendered":"\n<p class=\"wp-block-paragraph\">En la ma\u00f1anera de hoy, la presidenta de M\u00e9xico, Claudia Sheinbaum Pardo, indic\u00f3 que EU no impuso aranceles a M\u00e9xico por la \u201cfuerza de nuestro gobierno\u201d, adem\u00e1s, se\u00f1al\u00f3 que ahora sigue la negociaci\u00f3n sobre los impuestos al sector automotriz, el acero y aluminio. <\/p>\n\n\n\n<p class=\"wp-block-paragraph\">Sheinbaum, mencion\u00f3 \u201cEso ha permitido que M\u00e9xico no tenga aranceles adicionales y tiene que ver con la fuerza de nuestro gobierno y como siempre digo, hay mucho pueblo\u201d.<\/p>\n","protected":false},"excerpt":{"rendered":"<p>En la ma\u00f1anera de hoy, la presidenta de M\u00e9xico, Claudia Sheinbaum Pardo, indic\u00f3 que EU no impuso aranceles a M\u00e9xico por la \u201cfuerza de nuestro gobierno\u201d, adem\u00e1s, se\u00f1al\u00f3 que ahora sigue la negociaci\u00f3n sobre los impuestos al sector automotriz, el acero y aluminio. Sheinbaum, mencion\u00f3 \u201cEso ha permitido que M\u00e9xico no tenga aranceles adicionales y [&hellip;]<\/p>\n","protected":false},"author":2,"featured_media":80068,"comment_status":"closed","ping_status":"closed","sticky":false,"template":"","format":"standard","meta":{"footnotes":""},"categories":[34],"tags":[],"class_list":["post-80067","post","type-post","status-publish","format-standard","has-post-thumbnail","hentry","category-nacional"],"_links":{"self":[{"href":"https:\/\/elinformante.mx\/index.php?rest_route=\/wp\/v2\/posts\/80067","targetHints":{"allow":["GET"]}}],"collection":[{"href":"https:\/\/elinformante.mx\/index.php?rest_route=\/wp\/v2\/posts"}],"about":[{"href":"https:\/\/elinformante.mx\/index.php?rest_route=\/wp\/v2\/types\/post"}],"author":[{"embeddable":true,"href":"https:\/\/elinformante.mx\/index.php?rest_route=\/wp\/v2\/users\/2"}],"replies":[{"embeddable":true,"href":"https:\/\/elinformante.mx\/index.php?rest_route=%2Fwp%2Fv2%2Fcomments&post=80067"}],"version-history":[{"count":0,"href":"https:\/\/elinformante.mx\/index.php?rest_route=\/wp\/v2\/posts\/80067\/revisions"}],"wp:featuredmedia":[{"embeddable":true,"href":"https:\/\/elinformante.mx\/index.php?rest_route=\/wp\/v2\/media\/80068"}],"wp:attachment":[{"href":"https:\/\/elinformante.mx\/index.php?rest_route=%2Fwp%2Fv2%2Fmedia&parent=80067"}],"wp:term":[{"taxonomy":"category","embeddable":true,"href":"https:\/\/elinformante.mx\/index.php?rest_route=%2Fwp%2Fv2%2Fcategories&post=80067"},{"taxonomy":"post_tag","embeddable":true,"href":"https:\/\/elinformante.mx\/index.php?rest_route=%2Fwp%2Fv2%2Ftags&post=80067"}],"curies":[{"name":"wp","href":"https:\/\/api.w.org\/{rel}","templated":true}]}}