{"id":80070,"date":"2025-04-03T15:34:03","date_gmt":"2025-04-03T21:34:03","guid":{"rendered":"https:\/\/elinformante.mx\/?p=80070"},"modified":"2025-04-03T15:34:04","modified_gmt":"2025-04-03T21:34:04","slug":"macron-califico-como-brutales-los-aranceles-de-trump","status":"publish","type":"post","link":"https:\/\/elinformante.mx\/?p=80070","title":{"rendered":"MACRON CALIFIC\u00d3 COMO \u201cBRUTALES\u201d LOS ARANCELES DE TRUMP"},"content":{"rendered":"\n<p class=\"wp-block-paragraph\">El presidente de Francia, Emmanuel Macron calific\u00f3 como \u201cbrutales e infundados\u201d los aranceles impuestos por su hom\u00f3logo de EU, Donald J. Trump.<\/p>\n\n\n\n<p class=\"wp-block-paragraph\">Adem\u00e1s pidi\u00f3 a sus hom\u00f3logos europeos coordinarse para frenar el plan arancelario de EU.<\/p>\n","protected":false},"excerpt":{"rendered":"<p>El presidente de Francia, Emmanuel Macron calific\u00f3 como \u201cbrutales e infundados\u201d los aranceles impuestos por su hom\u00f3logo de EU, Donald J. Trump. Adem\u00e1s pidi\u00f3 a sus hom\u00f3logos europeos coordinarse para frenar el plan arancelario de EU.<\/p>\n","protected":false},"author":2,"featured_media":80071,"comment_status":"closed","ping_status":"closed","sticky":false,"template":"","format":"standard","meta":{"footnotes":""},"categories":[33],"tags":[],"class_list":["post-80070","post","type-post","status-publish","format-standard","has-post-thumbnail","hentry","category-mundo"],"_links":{"self":[{"href":"https:\/\/elinformante.mx\/index.php?rest_route=\/wp\/v2\/posts\/80070","targetHints":{"allow":["GET"]}}],"collection":[{"href":"https:\/\/elinformante.mx\/index.php?rest_route=\/wp\/v2\/posts"}],"about":[{"href":"https:\/\/elinformante.mx\/index.php?rest_route=\/wp\/v2\/types\/post"}],"author":[{"embeddable":true,"href":"https:\/\/elinformante.mx\/index.php?rest_route=\/wp\/v2\/users\/2"}],"replies":[{"embeddable":true,"href":"https:\/\/elinformante.mx\/index.php?rest_route=%2Fwp%2Fv2%2Fcomments&post=80070"}],"version-history":[{"count":0,"href":"https:\/\/elinformante.mx\/index.php?rest_route=\/wp\/v2\/posts\/80070\/revisions"}],"wp:featuredmedia":[{"embeddable":true,"href":"https:\/\/elinformante.mx\/index.php?rest_route=\/wp\/v2\/media\/80071"}],"wp:attachment":[{"href":"https:\/\/elinformante.mx\/index.php?rest_route=%2Fwp%2Fv2%2Fmedia&parent=80070"}],"wp:term":[{"taxonomy":"category","embeddable":true,"href":"https:\/\/elinformante.mx\/index.php?rest_route=%2Fwp%2Fv2%2Fcategories&post=80070"},{"taxonomy":"post_tag","embeddable":true,"href":"https:\/\/elinformante.mx\/index.php?rest_route=%2Fwp%2Fv2%2Ftags&post=80070"}],"curies":[{"name":"wp","href":"https:\/\/api.w.org\/{rel}","templated":true}]}}