{"id":80215,"date":"2025-04-07T05:57:25","date_gmt":"2025-04-07T11:57:25","guid":{"rendered":"https:\/\/elinformante.mx\/?p=80215"},"modified":"2025-04-07T05:57:27","modified_gmt":"2025-04-07T11:57:27","slug":"carlos-n-y-marco-n-fueron-detenidos-por-el-homicidio-de-un-hombre-en-tultitlan","status":"publish","type":"post","link":"https:\/\/elinformante.mx\/?p=80215","title":{"rendered":"Carlos \u201cN\u201d y Marco \u201cN\u201d fueron detenidos por el homicidio de un hombre en Tultitl\u00e1n"},"content":{"rendered":"\n<figure class=\"wp-block-pullquote\"><blockquote><p>Este homicidio lo habr\u00edan perpetrado el pasado 22 de enero en calles de la colonia Fuentes del Valle.<\/p><\/blockquote><\/figure>\n\n\n\n<p class=\"has-drop-cap\">Agentes de la FGJEM detuvieron a Carlos \u201cN\u201d y Marco \u201cN\u201d, quienes son se\u00f1alados por su probable intervenci\u00f3n en el hecho delictivo de homicidio calificado en agravio de un hombre en este municipio.<br><\/p>\n\n\n\n<p>Ambos son indagados por hechos perpetrados la noche del 22 de enero de 2025, en la calle Fuentes del Sol, en la colonia Fuentes del Valle, municipio de Tultitl\u00e1n, donde la v\u00edctima bajaba de un veh\u00edculo de transporte, tipo mototaxi y habr\u00eda sido interceptada por estos sujetos, mismos que tripulaban una motocicleta.<br><\/p>\n\n\n\n<p>De ese veh\u00edculo descendi\u00f3 Carlos \u201cN\u201d quien se dirigi\u00f3 hacia la v\u00edctima, misma que intent\u00f3 huir para ponerse a salvo, sin embargo, Marco \u201cN\u201d le cerr\u00f3 el paso con la motocicleta, indagatorias precisaron que el primero de estos individuos habr\u00eda detonado un arma de fuego en contra del agraviado, ocasion\u00e1ndole la muerte y luego huyeron.<br><\/p>\n\n\n\n<p>Con la investigaci\u00f3n fue posible identificar a los probables implicados, contra quienes fue solicitada y obtenida de la Autoridad Judicial orden de aprehensi\u00f3n en su contra.<\/p>\n","protected":false},"excerpt":{"rendered":"<p>Este homicidio lo habr\u00edan perpetrado el pasado 22 de enero en calles de la colonia Fuentes del Valle. Agentes de la FGJEM detuvieron a Carlos \u201cN\u201d y Marco \u201cN\u201d, quienes son se\u00f1alados por su probable intervenci\u00f3n en el hecho delictivo de homicidio calificado en agravio de un hombre en este municipio. Ambos son indagados por [&hellip;]<\/p>\n","protected":false},"author":1,"featured_media":80216,"comment_status":"closed","ping_status":"closed","sticky":false,"template":"","format":"standard","meta":{"footnotes":""},"categories":[36,37],"tags":[],"class_list":["post-80215","post","type-post","status-publish","format-standard","has-post-thumbnail","hentry","category-edomex","category-justicia"],"_links":{"self":[{"href":"https:\/\/elinformante.mx\/index.php?rest_route=\/wp\/v2\/posts\/80215","targetHints":{"allow":["GET"]}}],"collection":[{"href":"https:\/\/elinformante.mx\/index.php?rest_route=\/wp\/v2\/posts"}],"about":[{"href":"https:\/\/elinformante.mx\/index.php?rest_route=\/wp\/v2\/types\/post"}],"author":[{"embeddable":true,"href":"https:\/\/elinformante.mx\/index.php?rest_route=\/wp\/v2\/users\/1"}],"replies":[{"embeddable":true,"href":"https:\/\/elinformante.mx\/index.php?rest_route=%2Fwp%2Fv2%2Fcomments&post=80215"}],"version-history":[{"count":0,"href":"https:\/\/elinformante.mx\/index.php?rest_route=\/wp\/v2\/posts\/80215\/revisions"}],"wp:featuredmedia":[{"embeddable":true,"href":"https:\/\/elinformante.mx\/index.php?rest_route=\/wp\/v2\/media\/80216"}],"wp:attachment":[{"href":"https:\/\/elinformante.mx\/index.php?rest_route=%2Fwp%2Fv2%2Fmedia&parent=80215"}],"wp:term":[{"taxonomy":"category","embeddable":true,"href":"https:\/\/elinformante.mx\/index.php?rest_route=%2Fwp%2Fv2%2Fcategories&post=80215"},{"taxonomy":"post_tag","embeddable":true,"href":"https:\/\/elinformante.mx\/index.php?rest_route=%2Fwp%2Fv2%2Ftags&post=80215"}],"curies":[{"name":"wp","href":"https:\/\/api.w.org\/{rel}","templated":true}]}}