{"id":80218,"date":"2025-04-07T05:58:52","date_gmt":"2025-04-07T11:58:52","guid":{"rendered":"https:\/\/elinformante.mx\/?p=80218"},"modified":"2025-04-07T05:58:55","modified_gmt":"2025-04-07T11:58:55","slug":"detienen-a-paul-n-senalado-por-el-delito-de-trata-de-personas","status":"publish","type":"post","link":"https:\/\/elinformante.mx\/?p=80218","title":{"rendered":"Detienen a Paul \u201cN\u201d se\u00f1alado por el delito de trata de personas"},"content":{"rendered":"\n<figure class=\"wp-block-pullquote\"><blockquote><p>Estos actos los realiz\u00f3 en un inmueble ubicado en la colonia Francisco Sarabia, en Nicol\u00e1s Romero<\/p><\/blockquote><\/figure>\n\n\n\n<p class=\"has-drop-cap\">Por el hecho delictivo de trata de personas en la modalidad de elaborar material que contiene actos de exhibicionismo corporal con fines lascivos sexuales de una persona menor de 18 a\u00f1os, Paul \u201cN\u201d fue vinculado a proceso, luego de que la FGJEM estableci\u00f3 su probable intervenci\u00f3n en este il\u00edcito en agravio de una ni\u00f1a de 5 a\u00f1os.<br><\/p>\n\n\n\n<p>En fechas 28 de julio y 5 de agosto del 2023, el ahora vinculado habr\u00eda elaborado material videogr\u00e1fico donde se visualiza a una ni\u00f1a de entonces 5 a\u00f1os de edad, en actos de exhibicionismo corporal con fines sexuales.<br><\/p>\n\n\n\n<p>Estos actos los realiz\u00f3 en un inmueble ubicado en la colonia Francisco Sarabia, en Nicol\u00e1s Romero, donde, despu\u00e9s de una agresi\u00f3n, realiz\u00f3 esta acci\u00f3n en agravio de la menor de edad. El material videograbado, lo almacen\u00f3 en un dispositivo USB, el cual, tras ser hallado, fue asegurado por elementos de la Fiscal\u00eda Edom\u00e9x.<br><\/p>\n\n\n\n<p>La Autoridad Judicial orden\u00f3 la aprehensi\u00f3n en su contra y una vez cumplimentada en reclusi\u00f3n, Paul \u201cN\u201d qued\u00f3 a disposici\u00f3n del \u00d3rgano Jurisdiccional en el Centro Penitenciario y de Reinserci\u00f3n Social de la zona, quien lo vincul\u00f3 a proceso, con plazo de tres meses para el cierre de investigaci\u00f3n complementaria y medida cautelar de prisi\u00f3n preventiva justificada.<br><\/p>\n\n\n\n<p>Esta es la tercera vinculaci\u00f3n a proceso que obtiene la Fiscal\u00eda en contra de este individuo, ya que en el mes de febrero de 2024 fue detenido y vinculado a proceso por el delito de trata de personas, en la modalidad de pornograf\u00eda infantil, en agravio de tres v\u00edctimas menores de edad, despu\u00e9s en marzo pasado fue iniciado proceso legal en su contra por trata de personas, en la modalidad de elaborar material que contiene actos de exhibicionismo corporal, con fines lascivos sexuales en agravio de otra ni\u00f1a de 5 a\u00f1os.<\/p>\n","protected":false},"excerpt":{"rendered":"<p>Estos actos los realiz\u00f3 en un inmueble ubicado en la colonia Francisco Sarabia, en Nicol\u00e1s Romero Por el hecho delictivo de trata de personas en la modalidad de elaborar material que contiene actos de exhibicionismo corporal con fines lascivos sexuales de una persona menor de 18 a\u00f1os, Paul \u201cN\u201d fue vinculado a proceso, luego de [&hellip;]<\/p>\n","protected":false},"author":1,"featured_media":80219,"comment_status":"closed","ping_status":"closed","sticky":false,"template":"","format":"standard","meta":{"footnotes":""},"categories":[36,37],"tags":[],"class_list":["post-80218","post","type-post","status-publish","format-standard","has-post-thumbnail","hentry","category-edomex","category-justicia"],"_links":{"self":[{"href":"https:\/\/elinformante.mx\/index.php?rest_route=\/wp\/v2\/posts\/80218","targetHints":{"allow":["GET"]}}],"collection":[{"href":"https:\/\/elinformante.mx\/index.php?rest_route=\/wp\/v2\/posts"}],"about":[{"href":"https:\/\/elinformante.mx\/index.php?rest_route=\/wp\/v2\/types\/post"}],"author":[{"embeddable":true,"href":"https:\/\/elinformante.mx\/index.php?rest_route=\/wp\/v2\/users\/1"}],"replies":[{"embeddable":true,"href":"https:\/\/elinformante.mx\/index.php?rest_route=%2Fwp%2Fv2%2Fcomments&post=80218"}],"version-history":[{"count":0,"href":"https:\/\/elinformante.mx\/index.php?rest_route=\/wp\/v2\/posts\/80218\/revisions"}],"wp:featuredmedia":[{"embeddable":true,"href":"https:\/\/elinformante.mx\/index.php?rest_route=\/wp\/v2\/media\/80219"}],"wp:attachment":[{"href":"https:\/\/elinformante.mx\/index.php?rest_route=%2Fwp%2Fv2%2Fmedia&parent=80218"}],"wp:term":[{"taxonomy":"category","embeddable":true,"href":"https:\/\/elinformante.mx\/index.php?rest_route=%2Fwp%2Fv2%2Fcategories&post=80218"},{"taxonomy":"post_tag","embeddable":true,"href":"https:\/\/elinformante.mx\/index.php?rest_route=%2Fwp%2Fv2%2Ftags&post=80218"}],"curies":[{"name":"wp","href":"https:\/\/api.w.org\/{rel}","templated":true}]}}