{"id":80221,"date":"2025-04-07T06:00:21","date_gmt":"2025-04-07T12:00:21","guid":{"rendered":"https:\/\/elinformante.mx\/?p=80221"},"modified":"2025-04-07T06:00:25","modified_gmt":"2025-04-07T12:00:25","slug":"sentencian-a-sujeto-a-61-anos-de-prision-acusado-de-homicidio-y-homicidio-calificado-en-tentativa","status":"publish","type":"post","link":"https:\/\/elinformante.mx\/?p=80221","title":{"rendered":"Sentencian a sujeto a 61 a\u00f1os de prisi\u00f3n acusado de homicidio y homicidio calificado en tentativa"},"content":{"rendered":"\n<p>La Autoridad Judicial emiti\u00f3 esta sentencia de condena contra el acusado.<\/p>\n\n\n\n<p class=\"has-drop-cap\">La FGJEM aport\u00f3 pruebas contra Pedro Antonio Marroqu\u00edn Mart\u00ednez por los hechos de homicidio calificado y homicidio calificado en grado de tentativa en agravio de dos v\u00edctimas, por lo que fue sentenciado a 61 a\u00f1os y 1 mes de prisi\u00f3n.<br><\/p>\n\n\n\n<p>Tras la revisi\u00f3n de las pruebas recabadas, aportadas y expuestas por el Ministerio P\u00fablico, la Autoridad Judicial emiti\u00f3 esta sentencia de condena contra el acusado, adem\u00e1s le fij\u00f3 multa de 192 mil 645 pesos y la cantidad de 227 mil 190 pesos como reparaci\u00f3n del da\u00f1o, aunado a que suspendi\u00f3 sus derechos civiles y pol\u00edticos.<br><\/p>\n\n\n\n<p>Se precis\u00f3 que el 30 de agosto de 2023, dos hombres se encontraban en la avenida Jos\u00e9 Mar\u00eda Morelos, colonia El \u00c1rbol en el municipio de Ecatepec, a bordo de un veh\u00edculo de transporte tipo mototaxi y fueron impactados por un veh\u00edculo tipo Atos, en el cual viajaban una femenina como conductora, as\u00ed como el ahora sentenciado y otro sujeto.<br><\/p>\n\n\n\n<p>Ambos individuos portaban armas de fuego, las cuales detonaron en contra de las v\u00edctimas; una de ellas falleci\u00f3, en tanto que la otra result\u00f3 lesionada, por lo que fue trasladada a un hospital de la zona, donde recibi\u00f3 atenci\u00f3n m\u00e9dica, sus lesiones fueron clasificadas como las que tardan en sanar m\u00e1s de 15 d\u00edas.<br><\/p>\n\n\n\n<p>Con el avance en la investigaci\u00f3n iniciada por los hechos, fue posible identificar y detener a Pedro Antonio Marroqu\u00edn Mart\u00ednez, mismo que fue ingresado al Centro Penitenciario y de Reinserci\u00f3n Social de la zona, a disposici\u00f3n de un Juez, quien, tras proceso legal, le dict\u00f3 esta sentencia de condena.<\/p>\n","protected":false},"excerpt":{"rendered":"<p>La Autoridad Judicial emiti\u00f3 esta sentencia de condena contra el acusado. La FGJEM aport\u00f3 pruebas contra Pedro Antonio Marroqu\u00edn Mart\u00ednez por los hechos de homicidio calificado y homicidio calificado en grado de tentativa en agravio de dos v\u00edctimas, por lo que fue sentenciado a 61 a\u00f1os y 1 mes de prisi\u00f3n. Tras la revisi\u00f3n de [&hellip;]<\/p>\n","protected":false},"author":1,"featured_media":80222,"comment_status":"closed","ping_status":"closed","sticky":false,"template":"","format":"standard","meta":{"footnotes":""},"categories":[30,36,37],"tags":[],"class_list":["post-80221","post","type-post","status-publish","format-standard","has-post-thumbnail","hentry","category-destacado","category-edomex","category-justicia"],"_links":{"self":[{"href":"https:\/\/elinformante.mx\/index.php?rest_route=\/wp\/v2\/posts\/80221","targetHints":{"allow":["GET"]}}],"collection":[{"href":"https:\/\/elinformante.mx\/index.php?rest_route=\/wp\/v2\/posts"}],"about":[{"href":"https:\/\/elinformante.mx\/index.php?rest_route=\/wp\/v2\/types\/post"}],"author":[{"embeddable":true,"href":"https:\/\/elinformante.mx\/index.php?rest_route=\/wp\/v2\/users\/1"}],"replies":[{"embeddable":true,"href":"https:\/\/elinformante.mx\/index.php?rest_route=%2Fwp%2Fv2%2Fcomments&post=80221"}],"version-history":[{"count":0,"href":"https:\/\/elinformante.mx\/index.php?rest_route=\/wp\/v2\/posts\/80221\/revisions"}],"wp:featuredmedia":[{"embeddable":true,"href":"https:\/\/elinformante.mx\/index.php?rest_route=\/wp\/v2\/media\/80222"}],"wp:attachment":[{"href":"https:\/\/elinformante.mx\/index.php?rest_route=%2Fwp%2Fv2%2Fmedia&parent=80221"}],"wp:term":[{"taxonomy":"category","embeddable":true,"href":"https:\/\/elinformante.mx\/index.php?rest_route=%2Fwp%2Fv2%2Fcategories&post=80221"},{"taxonomy":"post_tag","embeddable":true,"href":"https:\/\/elinformante.mx\/index.php?rest_route=%2Fwp%2Fv2%2Ftags&post=80221"}],"curies":[{"name":"wp","href":"https:\/\/api.w.org\/{rel}","templated":true}]}}