{"id":80234,"date":"2025-04-07T06:12:55","date_gmt":"2025-04-07T12:12:55","guid":{"rendered":"https:\/\/elinformante.mx\/?p=80234"},"modified":"2025-04-07T06:12:57","modified_gmt":"2025-04-07T12:12:57","slug":"entrego-fernando-flores-en-metepec-arcotecho-al-cbt-no-2","status":"publish","type":"post","link":"https:\/\/elinformante.mx\/?p=80234","title":{"rendered":"Entreg\u00f3 Fernando Flores en Metepec arcotecho al CBT No. 2"},"content":{"rendered":"\n<figure class=\"wp-block-pullquote\"><blockquote><p>Con esta entrega se cumple la promesa realizada en febrero del a\u00f1o pasado.<\/p><\/blockquote><\/figure>\n\n\n\n<p class=\"has-drop-cap\">Dando seguimiento y atenci\u00f3n a una petici\u00f3n realizada por la ciudadan\u00eda desde administraciones pasadas, el presidente municipal Fernando Flores Fern\u00e1ndez realiz\u00f3 la entrega del arcotecho al CBT No. 2 de Metepec.<br><\/p>\n\n\n\n<p>Con esta entrega se cumple la promesa realizada en febrero del a\u00f1o pasado y que ahora se concluy\u00f3 satisfactoriamente para mejorar la infraestructura del plantel.<br><\/p>\n\n\n\n<p>Fue mediante sus redes sociales que Fern\u00e1ndez Flores comparti\u00f3 el momento de la entrega, adem\u00e1s de que se sum\u00f3 la entrega de tabletas electr\u00f3nicas a quienes participaron en la Feria de Innovaci\u00f3n, Ciencias y tecnolog\u00eda.<br><\/p>\n\n\n\n<p>\u201c\u00a1Lo que les promet\u00ed aquel 6 de febrero del a\u00f1o pasado, hoy es una realidad! Con mucha emoci\u00f3n realizamos la entrega del arcotecho del CBT No.2 y la entrega de tablets a los alumnos que participaron en la Feria de Innovaci\u00f3n, Ciencia y Tecnolog\u00eda\u201d, comparti\u00f3 en redes sociales.<br><\/p>\n\n\n\n<p>Esta obra del arcotecho tuvo una inversi\u00f3n de 2 millones 197 mil pesos de recursos municipales, y beneficiar\u00e1 a los alumnos del CBT No. 2 en San Bartolom\u00e9 Tlalnelulco, que es, la escuela m\u00e1s alejada de los CBTS que se encuentran en Metepec.<br><\/p>\n\n\n\n<p>Este arcotecho es el s\u00e9ptimo que se entrega de un paquete de 7 a escuelas del municipio; posteriormente vendr\u00e1 un segundo paquete este a\u00f1o donde se contempla la entrega de otros m\u00e1s.<br><\/p>\n\n\n\n<p>El alcalde Fernando Flores asegur\u00f3 que las becas de estudio se van a incrementar de 10 a 30 millones de pesos por a\u00f1o, adem\u00e1s de que seguir\u00e1 con la entrega de tabletas electr\u00f3nicas a alumnos y otras obras m\u00e1s para las escuelas del municipio.<\/p>\n","protected":false},"excerpt":{"rendered":"<p>Con esta entrega se cumple la promesa realizada en febrero del a\u00f1o pasado. Dando seguimiento y atenci\u00f3n a una petici\u00f3n realizada por la ciudadan\u00eda desde administraciones pasadas, el presidente municipal Fernando Flores Fern\u00e1ndez realiz\u00f3 la entrega del arcotecho al CBT No. 2 de Metepec. Con esta entrega se cumple la promesa realizada en febrero del [&hellip;]<\/p>\n","protected":false},"author":1,"featured_media":80235,"comment_status":"closed","ping_status":"closed","sticky":false,"template":"","format":"standard","meta":{"footnotes":""},"categories":[36],"tags":[],"class_list":["post-80234","post","type-post","status-publish","format-standard","has-post-thumbnail","hentry","category-edomex"],"_links":{"self":[{"href":"https:\/\/elinformante.mx\/index.php?rest_route=\/wp\/v2\/posts\/80234","targetHints":{"allow":["GET"]}}],"collection":[{"href":"https:\/\/elinformante.mx\/index.php?rest_route=\/wp\/v2\/posts"}],"about":[{"href":"https:\/\/elinformante.mx\/index.php?rest_route=\/wp\/v2\/types\/post"}],"author":[{"embeddable":true,"href":"https:\/\/elinformante.mx\/index.php?rest_route=\/wp\/v2\/users\/1"}],"replies":[{"embeddable":true,"href":"https:\/\/elinformante.mx\/index.php?rest_route=%2Fwp%2Fv2%2Fcomments&post=80234"}],"version-history":[{"count":0,"href":"https:\/\/elinformante.mx\/index.php?rest_route=\/wp\/v2\/posts\/80234\/revisions"}],"wp:featuredmedia":[{"embeddable":true,"href":"https:\/\/elinformante.mx\/index.php?rest_route=\/wp\/v2\/media\/80235"}],"wp:attachment":[{"href":"https:\/\/elinformante.mx\/index.php?rest_route=%2Fwp%2Fv2%2Fmedia&parent=80234"}],"wp:term":[{"taxonomy":"category","embeddable":true,"href":"https:\/\/elinformante.mx\/index.php?rest_route=%2Fwp%2Fv2%2Fcategories&post=80234"},{"taxonomy":"post_tag","embeddable":true,"href":"https:\/\/elinformante.mx\/index.php?rest_route=%2Fwp%2Fv2%2Ftags&post=80234"}],"curies":[{"name":"wp","href":"https:\/\/api.w.org\/{rel}","templated":true}]}}