{"id":80237,"date":"2025-04-07T06:16:40","date_gmt":"2025-04-07T12:16:40","guid":{"rendered":"https:\/\/elinformante.mx\/?p=80237"},"modified":"2025-04-07T06:16:42","modified_gmt":"2025-04-07T12:16:42","slug":"se-une-san-mateo-atenco-a-la-clase-nacional-de-boxeo","status":"publish","type":"post","link":"https:\/\/elinformante.mx\/?p=80237","title":{"rendered":"Se une San Mateo Atenco a la clase nacional de boxeo"},"content":{"rendered":"\n<figure class=\"wp-block-pullquote\"><blockquote><p>Este evento fue encabezado por la presidenta municipal Ana Mu\u00f1iz Neyra.<\/p><\/blockquote><\/figure>\n\n\n\n<p class=\"has-drop-cap\">Fueron m\u00e1s de 2 mil las personas que se reunieron en la Plaza C\u00edvica Benito Ju\u00e1rez de San Mateo Atenco para participar en la Clase Nacional de Boxeo \u201cBoxeando por la Paz\u201d.<br><\/p>\n\n\n\n<p>Este evento fue encabezado por la presidenta municipal Ana Mu\u00f1iz Neyra, busc\u00f3 promover la paz y la unidad social a trav\u00e9s del deporte.<br><\/p>\n\n\n\n<p>Mu\u00f1iz Neyra anunci\u00f3 la construcci\u00f3n del mejor gimnasio de box del Valle de Toluca, que estar\u00e1 disponible para ni\u00f1as, ni\u00f1os, j\u00f3venes y adultos mayores.<br><\/p>\n\n\n\n<p>Uno de los objetivos es brindar un espacio para que los habitantes de San Mateo Atenco practiquen boxeo y se alejen de las adicciones.<br><\/p>\n\n\n\n<p>La clase en San Mateo Atenco estuvo a cargo del campe\u00f3n internacional de boxeo William \u201cEl Camar\u00f3n\u201d Zepeda promoviendo el boxeo como disciplina y filosof\u00eda de vida basada en el respeto, la perseverancia y el esfuerzo.<br><\/p>\n\n\n\n<p>En el municipio tambi\u00e9n participaron los destacados deportistas locales como V\u00edctor \u201cEl Lobo\u201d Trejo, Arlet Mar\u00eda de la Luz S\u00e1nchez, \u00c1ngel Montes de Oca, Lorenzo D\u00e1vila, Jefferson y Brandon Segura, Alexis Campos, Nadia Gonz\u00e1lez, Viv\u00edan Castillo, Paola Sayuri Delgado y Eduardo Contreras.<br><\/p>\n\n\n\n<p>La Clase Nacional de Boxeo \u201cBoxeando por la Paz\u201d se llev\u00f3 a cabo simult\u00e1neamente en diversas plazas del pa\u00eds, con el objetivo de fomentar la cultura de paz y promover el deporte como herramienta de transformaci\u00f3n social.<\/p>\n","protected":false},"excerpt":{"rendered":"<p>Este evento fue encabezado por la presidenta municipal Ana Mu\u00f1iz Neyra. Fueron m\u00e1s de 2 mil las personas que se reunieron en la Plaza C\u00edvica Benito Ju\u00e1rez de San Mateo Atenco para participar en la Clase Nacional de Boxeo \u201cBoxeando por la Paz\u201d. Este evento fue encabezado por la presidenta municipal Ana Mu\u00f1iz Neyra, busc\u00f3 [&hellip;]<\/p>\n","protected":false},"author":1,"featured_media":80238,"comment_status":"closed","ping_status":"closed","sticky":false,"template":"","format":"standard","meta":{"footnotes":""},"categories":[30,36],"tags":[],"class_list":["post-80237","post","type-post","status-publish","format-standard","has-post-thumbnail","hentry","category-destacado","category-edomex"],"_links":{"self":[{"href":"https:\/\/elinformante.mx\/index.php?rest_route=\/wp\/v2\/posts\/80237","targetHints":{"allow":["GET"]}}],"collection":[{"href":"https:\/\/elinformante.mx\/index.php?rest_route=\/wp\/v2\/posts"}],"about":[{"href":"https:\/\/elinformante.mx\/index.php?rest_route=\/wp\/v2\/types\/post"}],"author":[{"embeddable":true,"href":"https:\/\/elinformante.mx\/index.php?rest_route=\/wp\/v2\/users\/1"}],"replies":[{"embeddable":true,"href":"https:\/\/elinformante.mx\/index.php?rest_route=%2Fwp%2Fv2%2Fcomments&post=80237"}],"version-history":[{"count":0,"href":"https:\/\/elinformante.mx\/index.php?rest_route=\/wp\/v2\/posts\/80237\/revisions"}],"wp:featuredmedia":[{"embeddable":true,"href":"https:\/\/elinformante.mx\/index.php?rest_route=\/wp\/v2\/media\/80238"}],"wp:attachment":[{"href":"https:\/\/elinformante.mx\/index.php?rest_route=%2Fwp%2Fv2%2Fmedia&parent=80237"}],"wp:term":[{"taxonomy":"category","embeddable":true,"href":"https:\/\/elinformante.mx\/index.php?rest_route=%2Fwp%2Fv2%2Fcategories&post=80237"},{"taxonomy":"post_tag","embeddable":true,"href":"https:\/\/elinformante.mx\/index.php?rest_route=%2Fwp%2Fv2%2Ftags&post=80237"}],"curies":[{"name":"wp","href":"https:\/\/api.w.org\/{rel}","templated":true}]}}