{"id":80240,"date":"2025-04-07T06:18:19","date_gmt":"2025-04-07T12:18:19","guid":{"rendered":"https:\/\/elinformante.mx\/?p=80240"},"modified":"2025-04-07T06:18:21","modified_gmt":"2025-04-07T12:18:21","slug":"presenta-uaemex-la-exposicion-donde-el-linaje-se-reescribe-narrativas-desde-la-mirada-de-hijas-y-madres","status":"publish","type":"post","link":"https:\/\/elinformante.mx\/?p=80240","title":{"rendered":"Presenta UAEM\u00e9x la exposici\u00f3n \u201cDonde el linaje se reescribe. Narrativas desde la mirada de hijas y madres\u201d"},"content":{"rendered":"\n<figure class=\"wp-block-pullquote\"><blockquote><p>Est\u00e1 exhibido en el Museo Universitario \u201cLeopoldo Flores\u201d (MULF) hasta el 9 de mayo.<br><\/p><\/blockquote><\/figure>\n\n\n\n<p class=\"has-drop-cap\">El Museo Universitario \u201cLeopoldo Flores\u201d (MULF) de la Universidad Aut\u00f3noma del Estado de M\u00e9xico (UAEM\u00e9x) present\u00f3 la exposici\u00f3n \u201cDonde el linaje se reescribe. Narrativas desde la mirada de hijas y madres\u201d, en la cual diversas artistas y curadoras abordan los temas de la maternidad, los lazos familiares y las experiencias sobre ser mujeres en la sociedad actual.<br><\/p>\n\n\n\n<p>Esta es una exposici\u00f3n colectiva que coordin\u00f3 la artista universitaria Yaret Becerra, en la cual participaron Alma R\u00edos, Jukari Mart\u00ednez, Marce Cadena, Oralia Serrano y Sof\u00eda Matus, quienes realizaron obras de arte sonoro, videoarte, as\u00ed como algunas piezas que se van construyendo a lo largo de la exposici\u00f3n, como el muro con preguntas del p\u00fablico que visita esta exposici\u00f3n.<br><\/p>\n\n\n\n<p>Adem\u00e1s, cuenta con tres micr\u00f3fonos abiertos, con el prop\u00f3sito de compartir alg\u00fan pensamiento sobre la infancia y la maternidad.<br><\/p>\n\n\n\n<p>El objetivo de esta propuesta art\u00edstica es invitar a la reflexi\u00f3n al p\u00fablico sobre sus or\u00edgenes, es decir, mirar su linaje y cuestionar los aspectos que construyeron su identidad y su presente. En esta muestra se evidencia c\u00f3mo las artistas han encontrado en los discursos de g\u00e9nero un espacio cercano y necesario para la reflexi\u00f3n y el di\u00e1logo.<br><\/p>\n\n\n\n<p>La exposici\u00f3n estar\u00e1 abierta al p\u00fablico hasta el 9 de mayo, de lunes a viernes, en un horario de 10:00 a 17:00 horas. La entrada es gratuita.<\/p>\n","protected":false},"excerpt":{"rendered":"<p>Est\u00e1 exhibido en el Museo Universitario \u201cLeopoldo Flores\u201d (MULF) hasta el 9 de mayo. El Museo Universitario \u201cLeopoldo Flores\u201d (MULF) de la Universidad Aut\u00f3noma del Estado de M\u00e9xico (UAEM\u00e9x) present\u00f3 la exposici\u00f3n \u201cDonde el linaje se reescribe. Narrativas desde la mirada de hijas y madres\u201d, en la cual diversas artistas y curadoras abordan los temas [&hellip;]<\/p>\n","protected":false},"author":1,"featured_media":80241,"comment_status":"closed","ping_status":"closed","sticky":false,"template":"","format":"standard","meta":{"footnotes":""},"categories":[36],"tags":[],"class_list":["post-80240","post","type-post","status-publish","format-standard","has-post-thumbnail","hentry","category-edomex"],"_links":{"self":[{"href":"https:\/\/elinformante.mx\/index.php?rest_route=\/wp\/v2\/posts\/80240","targetHints":{"allow":["GET"]}}],"collection":[{"href":"https:\/\/elinformante.mx\/index.php?rest_route=\/wp\/v2\/posts"}],"about":[{"href":"https:\/\/elinformante.mx\/index.php?rest_route=\/wp\/v2\/types\/post"}],"author":[{"embeddable":true,"href":"https:\/\/elinformante.mx\/index.php?rest_route=\/wp\/v2\/users\/1"}],"replies":[{"embeddable":true,"href":"https:\/\/elinformante.mx\/index.php?rest_route=%2Fwp%2Fv2%2Fcomments&post=80240"}],"version-history":[{"count":0,"href":"https:\/\/elinformante.mx\/index.php?rest_route=\/wp\/v2\/posts\/80240\/revisions"}],"wp:featuredmedia":[{"embeddable":true,"href":"https:\/\/elinformante.mx\/index.php?rest_route=\/wp\/v2\/media\/80241"}],"wp:attachment":[{"href":"https:\/\/elinformante.mx\/index.php?rest_route=%2Fwp%2Fv2%2Fmedia&parent=80240"}],"wp:term":[{"taxonomy":"category","embeddable":true,"href":"https:\/\/elinformante.mx\/index.php?rest_route=%2Fwp%2Fv2%2Fcategories&post=80240"},{"taxonomy":"post_tag","embeddable":true,"href":"https:\/\/elinformante.mx\/index.php?rest_route=%2Fwp%2Fv2%2Ftags&post=80240"}],"curies":[{"name":"wp","href":"https:\/\/api.w.org\/{rel}","templated":true}]}}