{"id":80310,"date":"2025-04-07T16:48:39","date_gmt":"2025-04-07T22:48:39","guid":{"rendered":"https:\/\/elinformante.mx\/?p=80310"},"modified":"2025-04-07T16:48:41","modified_gmt":"2025-04-07T22:48:41","slug":"reportan-la-muerte-de-memo-del-bosque","status":"publish","type":"post","link":"https:\/\/elinformante.mx\/?p=80310","title":{"rendered":"REPORTAN LA MUERTE DE MEMO DEL BOSQUE"},"content":{"rendered":"\n<p>\u00a0Hace unos momentos, fue confirmada la muerte de Memo del Bosque, famoso productor y director de la televisi\u00f3n mexicana. Desafortunadamente no pudo superar el c\u00e1ncer que padec\u00eda.\u00a0<br><\/p>\n","protected":false},"excerpt":{"rendered":"<p>\u00a0Hace unos momentos, fue confirmada la muerte de Memo del Bosque, famoso productor y director de la televisi\u00f3n mexicana. Desafortunadamente no pudo superar el c\u00e1ncer que padec\u00eda.\u00a0<\/p>\n","protected":false},"author":2,"featured_media":80311,"comment_status":"closed","ping_status":"closed","sticky":false,"template":"","format":"standard","meta":{"footnotes":""},"categories":[39],"tags":[],"class_list":["post-80310","post","type-post","status-publish","format-standard","has-post-thumbnail","hentry","category-espectaculos"],"_links":{"self":[{"href":"https:\/\/elinformante.mx\/index.php?rest_route=\/wp\/v2\/posts\/80310","targetHints":{"allow":["GET"]}}],"collection":[{"href":"https:\/\/elinformante.mx\/index.php?rest_route=\/wp\/v2\/posts"}],"about":[{"href":"https:\/\/elinformante.mx\/index.php?rest_route=\/wp\/v2\/types\/post"}],"author":[{"embeddable":true,"href":"https:\/\/elinformante.mx\/index.php?rest_route=\/wp\/v2\/users\/2"}],"replies":[{"embeddable":true,"href":"https:\/\/elinformante.mx\/index.php?rest_route=%2Fwp%2Fv2%2Fcomments&post=80310"}],"version-history":[{"count":0,"href":"https:\/\/elinformante.mx\/index.php?rest_route=\/wp\/v2\/posts\/80310\/revisions"}],"wp:featuredmedia":[{"embeddable":true,"href":"https:\/\/elinformante.mx\/index.php?rest_route=\/wp\/v2\/media\/80311"}],"wp:attachment":[{"href":"https:\/\/elinformante.mx\/index.php?rest_route=%2Fwp%2Fv2%2Fmedia&parent=80310"}],"wp:term":[{"taxonomy":"category","embeddable":true,"href":"https:\/\/elinformante.mx\/index.php?rest_route=%2Fwp%2Fv2%2Fcategories&post=80310"},{"taxonomy":"post_tag","embeddable":true,"href":"https:\/\/elinformante.mx\/index.php?rest_route=%2Fwp%2Fv2%2Ftags&post=80310"}],"curies":[{"name":"wp","href":"https:\/\/api.w.org\/{rel}","templated":true}]}}