{"id":80325,"date":"2025-04-07T18:23:21","date_gmt":"2025-04-08T00:23:21","guid":{"rendered":"https:\/\/elinformante.mx\/?p=80325"},"modified":"2025-04-07T18:23:23","modified_gmt":"2025-04-08T00:23:23","slug":"se-registra-explosion-en-una-panaderia-de-valle-de-chalco-hay-varios-heridos","status":"publish","type":"post","link":"https:\/\/elinformante.mx\/?p=80325","title":{"rendered":"SE REGISTRA EXPLOSI\u00d3N EN UNA PANADER\u00cdA DE VALLE DE CHALCO; HAY VARIOS HERIDOS"},"content":{"rendered":"\n<p>Este lunes, se registr\u00f3 una fuerte explosi\u00f3n provocada por una acumulaci\u00f3n de gas dentro de una panader\u00eda en #ValleDeChalco, #Edom\u00e9x, dejando varias personas heridas y causando da\u00f1os significativos en el \u00e1rea.<\/p>\n\n\n\n<p>El incidente ocurri\u00f3 en la panader\u00eda \u201c\u00c1ngel\u201d, ubicada en la avenida Emiliano Zapata, justo frente al mercado 2 de Noviembre. Seg\u00fan los primeros informes, la acumulaci\u00f3n de gas gener\u00f3 una explosi\u00f3n que sorprendi\u00f3 a los habitantes y transe\u00fantes cercanos al lugar.<\/p>\n\n\n\n<figure class=\"wp-block-image size-large\"><img fetchpriority=\"high\" decoding=\"async\" width=\"1024\" height=\"576\" src=\"https:\/\/elinformante.mx\/wp-content\/uploads\/2025\/04\/Horizontal-2025-04-07T181827.695-1-1024x576.png\" alt=\"\" class=\"wp-image-80328\" srcset=\"https:\/\/elinformante.mx\/wp-content\/uploads\/2025\/04\/Horizontal-2025-04-07T181827.695-1-1024x576.png 1024w, https:\/\/elinformante.mx\/wp-content\/uploads\/2025\/04\/Horizontal-2025-04-07T181827.695-1-300x169.png 300w, https:\/\/elinformante.mx\/wp-content\/uploads\/2025\/04\/Horizontal-2025-04-07T181827.695-1-768x432.png 768w, https:\/\/elinformante.mx\/wp-content\/uploads\/2025\/04\/Horizontal-2025-04-07T181827.695-1-1536x864.png 1536w, https:\/\/elinformante.mx\/wp-content\/uploads\/2025\/04\/Horizontal-2025-04-07T181827.695-1.png 1920w\" sizes=\"(max-width: 1024px) 100vw, 1024px\" \/><\/figure>\n\n\n\n<p>Los equipos de emergencia llegaron r\u00e1pidamente al sitio para controlar la situaci\u00f3n y brindar atenci\u00f3n a los afectados. Hasta el momento, se ha confirmado que al menos dos personas resultaron heridas, aunque no se ha precisado el alcance de sus lesiones.<\/p>\n\n\n\n<p>La explosi\u00f3n tambi\u00e9n caus\u00f3 severos da\u00f1os en la panader\u00eda y en las propiedades cercanas, adem\u00e1s de derribar veh\u00edculos y motocicletas estacionadas en las inmediaciones. Los servicios de emergencia contin\u00faan trabajando para asegurar la zona y evitar mayores riesgos.<\/p>\n\n\n\n<figure class=\"wp-block-image size-large\"><img decoding=\"async\" width=\"819\" height=\"1024\" src=\"https:\/\/elinformante.mx\/wp-content\/uploads\/2025\/04\/Vert-2025-04-07T181805.614-819x1024.png\" alt=\"\" class=\"wp-image-80327\" srcset=\"https:\/\/elinformante.mx\/wp-content\/uploads\/2025\/04\/Vert-2025-04-07T181805.614-819x1024.png 819w, https:\/\/elinformante.mx\/wp-content\/uploads\/2025\/04\/Vert-2025-04-07T181805.614-240x300.png 240w, https:\/\/elinformante.mx\/wp-content\/uploads\/2025\/04\/Vert-2025-04-07T181805.614-768x960.png 768w, https:\/\/elinformante.mx\/wp-content\/uploads\/2025\/04\/Vert-2025-04-07T181805.614.png 1080w\" sizes=\"(max-width: 819px) 100vw, 819px\" \/><\/figure>\n","protected":false},"excerpt":{"rendered":"<p>Este lunes, se registr\u00f3 una fuerte explosi\u00f3n provocada por una acumulaci\u00f3n de gas dentro de una panader\u00eda en #ValleDeChalco, #Edom\u00e9x, dejando varias personas heridas y causando da\u00f1os significativos en el \u00e1rea. El incidente ocurri\u00f3 en la panader\u00eda \u201c\u00c1ngel\u201d, ubicada en la avenida Emiliano Zapata, justo frente al mercado 2 de Noviembre. Seg\u00fan los primeros informes, [&hellip;]<\/p>\n","protected":false},"author":2,"featured_media":80326,"comment_status":"closed","ping_status":"closed","sticky":false,"template":"","format":"standard","meta":{"footnotes":""},"categories":[36],"tags":[],"class_list":["post-80325","post","type-post","status-publish","format-standard","has-post-thumbnail","hentry","category-edomex"],"_links":{"self":[{"href":"https:\/\/elinformante.mx\/index.php?rest_route=\/wp\/v2\/posts\/80325","targetHints":{"allow":["GET"]}}],"collection":[{"href":"https:\/\/elinformante.mx\/index.php?rest_route=\/wp\/v2\/posts"}],"about":[{"href":"https:\/\/elinformante.mx\/index.php?rest_route=\/wp\/v2\/types\/post"}],"author":[{"embeddable":true,"href":"https:\/\/elinformante.mx\/index.php?rest_route=\/wp\/v2\/users\/2"}],"replies":[{"embeddable":true,"href":"https:\/\/elinformante.mx\/index.php?rest_route=%2Fwp%2Fv2%2Fcomments&post=80325"}],"version-history":[{"count":0,"href":"https:\/\/elinformante.mx\/index.php?rest_route=\/wp\/v2\/posts\/80325\/revisions"}],"wp:featuredmedia":[{"embeddable":true,"href":"https:\/\/elinformante.mx\/index.php?rest_route=\/wp\/v2\/media\/80326"}],"wp:attachment":[{"href":"https:\/\/elinformante.mx\/index.php?rest_route=%2Fwp%2Fv2%2Fmedia&parent=80325"}],"wp:term":[{"taxonomy":"category","embeddable":true,"href":"https:\/\/elinformante.mx\/index.php?rest_route=%2Fwp%2Fv2%2Fcategories&post=80325"},{"taxonomy":"post_tag","embeddable":true,"href":"https:\/\/elinformante.mx\/index.php?rest_route=%2Fwp%2Fv2%2Ftags&post=80325"}],"curies":[{"name":"wp","href":"https:\/\/api.w.org\/{rel}","templated":true}]}}