{"id":80368,"date":"2025-04-08T06:03:50","date_gmt":"2025-04-08T12:03:50","guid":{"rendered":"https:\/\/elinformante.mx\/?p=80368"},"modified":"2025-04-08T06:03:58","modified_gmt":"2025-04-08T12:03:58","slug":"vinculan-a-proceso-a-tres-probables-implicados-en-la-agresion-que-derivo-en-la-muerte-de-nueve-personas-en-tequixquiac","status":"publish","type":"post","link":"https:\/\/elinformante.mx\/?p=80368","title":{"rendered":"Vinculan a proceso a tres probables implicados en la agresi\u00f3n que deriv\u00f3 en la muerte de nueve personas en Tequixquiac"},"content":{"rendered":"\n<figure class=\"wp-block-pullquote\"><blockquote><p>La Autoridad Judicial estableci\u00f3 plazo de dos meses para el cierre de investigaci\u00f3n complementaria y medida cautelar de prisi\u00f3n preventiva.<\/p><\/blockquote><\/figure>\n\n\n\n<p class=\"has-drop-cap\">Laura Ofelia \u201cN\u201d alias \u201cLa G\u00fcera\u201d de 55 a\u00f1os, Alberto \u201cN\u201d alias \u201cEl Beto\u201d de 45 a\u00f1os y Laureano \u201cN\u201d alias \u201cEl Pel\u00f3n\u201d de 49 a\u00f1os, fueron vinculados a proceso, luego de que la Fiscal\u00eda General de Justicia del Estado de M\u00e9xico (FGJEM) acredit\u00f3 su probable intervenci\u00f3n en la agresi\u00f3n que deriv\u00f3 en la muerte de 9 personas, una de ellas se\u00f1alado como l\u00edder regional de un \u201cgrupo de choque\u201d del Sindicato Nacional 25 de Marzo.<br><\/p>\n\n\n\n<p>Luego de revisar los datos de prueba aportados por el Agente del Ministerio P\u00fablico, la Autoridad Judicial determin\u00f3 iniciar proceso legal contra estas tres personas, adem\u00e1s estableci\u00f3 plazo de dos meses para el cierre de investigaci\u00f3n complementaria y medida cautelar de prisi\u00f3n preventiva.<br><\/p>\n\n\n\n<p>Los hechos que se les imputan se registraron el pasado 27 de marzo cuando personal de la Fiscal\u00eda Edom\u00e9x fue notificada del hallazgo de dos camionetas de color blanco, una de ellas marca Mercedes Benz con matr\u00edcula del estado de Morelos, que presentaba las ventanas cubiertas con cartulinas y la otra, una Nissan con placas de circulaci\u00f3n de la Ciudad de M\u00e9xico, ambas portaban el mismo logotipo de una \u201cB\u201d, las cuales fueron encontradas en zonas aleda\u00f1as al camino Apaxco-Huehuetoca, colonia La Ermita, municipio de Tequixquiac, en la zona lim\u00edtrofe con el estado de Hidalgo.<br><\/p>\n\n\n\n<p>En el lugar fueron hallados un total de 9 cuerpos sin vida de siete adultos y dos menores de edad, los cuales presentaban disparos de arma de fuego, por lo que personal de la Instituci\u00f3n se constituy\u00f3 en el lugar para llevar a cabo las diligencias correspondientes.<br><\/p>\n\n\n\n<p>Con el avance en las diligencias, fue posible establecer que entre las personas fallecidas se encontraba un masculino de iniciales J.L.\u00c1.V. alias \u201cVocho\u201d, de 41 a\u00f1os, quien al parecer era l\u00edder regional de un \u201cgrupo de choque\u201d del Sindicato Nacional 25 de Marzo.<br><\/p>\n\n\n\n<p>Mediante actos de investigaci\u00f3n, se estableci\u00f3 que Laura Ofelia \u201cN\u201d al\u00edas \u201cLa G\u00fcera\u201d form\u00f3 parte del grupo autodenominado \u201cLos 300\u201d y que, en grado de probabilidad, realizaba actividades delictivas como extorsiones, homicidios, despojos y contra la salud en los municipios de Ecatepec, Cuautitl\u00e1n y Zumpango. Asimismo, desde hace aproximadamente seis meses, \u00e9sta femenina comenz\u00f3 a crear su propia \u201corganizaci\u00f3n sindical\u201d y para ello presuntamente estableci\u00f3 \u201cuna alianza\u201d con el Sindicato Nacional 25 de Marzo, a trav\u00e9s de J.L.A.V. alias \u201cVocho\u201d, con la finalidad de que ambos \u201calinearan\u201d a vendedores de droga en los municipios de Zumpango, Apaxco, Tequixquiac y Hueypoxtla, adem\u00e1s de dedicarse a la invasi\u00f3n de predios en la zona.<br><\/p>\n\n\n\n<p>La indagatoria tambi\u00e9n estableci\u00f3 que alias \u201cVocho\u201d y al\u00edas \u201cLa G\u00fcera\u201d, comenzaron a tener fricciones por la disputa del control de sus actividades delictivas, por lo que \u00e9sta \u00faltima hizo \u201calianza\u201d con otro sujeto identificado como \u201cEl G\u00fcero Teclas\u201d, considerado generador de violencia en el Valle de M\u00e9xico.<br><\/p>\n\n\n\n<p>Por ello, el pasado 25 de marzo, Laura Ofelia \u201cN\u201d alias \u201cLa G\u00fcera\u201d, Alberto \u201cN\u201d alias \u201cEl Beto\u201d, Laureano \u201cN\u201d alias \u201cEl Pel\u00f3n\u201d y otros integrantes de su misma c\u00e9lula delictiva, se habr\u00edan reunido con alias \u201cEl G\u00fcero Teclas\u201d, momento en que circul\u00f3 por el lugar un veh\u00edculo marca Mercedes Benz, propiedad de alias \u201cVocho\u201d, situaci\u00f3n que les caus\u00f3 disgusto.<br><\/p>\n\n\n\n<p>As\u00ed mismo, se cuenta con informaci\u00f3n de que el 26 de marzo, alias \u201cVocho\u201d y Laura Ofelia \u201cN\u201d tuvieron un conflicto, ya que el primero pretend\u00eda afiliar agremiados que pertenec\u00edan al grupo liderado por la ahora detenida, situaci\u00f3n que tuvo lugar en el Centro Habitacional Esmeralda, en Zumpango, lugar al que arribaron elementos de la Polic\u00eda Municipal con el fin de mediar la situaci\u00f3n, la cual fue controlada y ambas partes se retiraron.<br><\/p>\n\n\n\n<p>Con la informaci\u00f3n e indicios recabados, la Fiscal\u00eda del Estado de M\u00e9xico pudo establecer como hip\u00f3tesis de la investigaci\u00f3n, que por los hechos referidos y a manera de \u201crepresalia\u201d, alias \u201cLa G\u00fcera\u201d habr\u00eda ordenado a Alberto \u201cN\u201d alias \u201cEl Beto\u201d, Laureano \u201cN\u201d alias \u201cEl Pel\u00f3n\u201d y siete sujetos m\u00e1s, secuestrar y privar de la vida a J.L.\u00c1.V., alias \u201cVocho\u201d, as\u00ed como a familiares y colaboradores de \u00e9ste, por lo que los intervinientes, los habr\u00edan privado de la libertad, para posteriormente causarles la muerte mediante disparos de arma de fuego que alias \u201cLa G\u00fcera\u201d habr\u00eda proporcionado.<br><\/p>\n\n\n\n<p>Durante la indagatoria, esta Fiscal\u00eda cont\u00f3 con el apoyo de la DEFENSA, SSEM, as\u00ed como de la Polic\u00eda Municipal de Zumpango y con la informaci\u00f3n recabada, el Agente del Ministerio P\u00fablico solicit\u00f3 a la Autoridad Judicial orden de aprehensi\u00f3n contra los probables implicados.<br><\/p>\n\n\n\n<p>Tras su captura, Alberto \u201cN\u201d alias \u201cEl Beto\u201d y Laureano \u201cN\u201d alias \u201cEl Pel\u00f3n\u201d, fueron ingresados al Centro Penitenciario y de Reinserci\u00f3n Social de Zumpango, en tanto que Laura Ofelia \u201cN\u201d alias \u201cLa G\u00fcera\u201d fue recluida en el Penal de Nezahualc\u00f3yotl. A los detenidos se les debe considerar inocentes hasta que sea dictada una sentencia condenatoria en su contra.<\/p>\n","protected":false},"excerpt":{"rendered":"<p>La Autoridad Judicial estableci\u00f3 plazo de dos meses para el cierre de investigaci\u00f3n complementaria y medida cautelar de prisi\u00f3n preventiva. Laura Ofelia \u201cN\u201d alias \u201cLa G\u00fcera\u201d de 55 a\u00f1os, Alberto \u201cN\u201d alias \u201cEl Beto\u201d de 45 a\u00f1os y Laureano \u201cN\u201d alias \u201cEl Pel\u00f3n\u201d de 49 a\u00f1os, fueron vinculados a proceso, luego de que la Fiscal\u00eda [&hellip;]<\/p>\n","protected":false},"author":1,"featured_media":80369,"comment_status":"closed","ping_status":"closed","sticky":false,"template":"","format":"standard","meta":{"footnotes":""},"categories":[30,36,37],"tags":[],"class_list":["post-80368","post","type-post","status-publish","format-standard","has-post-thumbnail","hentry","category-destacado","category-edomex","category-justicia"],"_links":{"self":[{"href":"https:\/\/elinformante.mx\/index.php?rest_route=\/wp\/v2\/posts\/80368","targetHints":{"allow":["GET"]}}],"collection":[{"href":"https:\/\/elinformante.mx\/index.php?rest_route=\/wp\/v2\/posts"}],"about":[{"href":"https:\/\/elinformante.mx\/index.php?rest_route=\/wp\/v2\/types\/post"}],"author":[{"embeddable":true,"href":"https:\/\/elinformante.mx\/index.php?rest_route=\/wp\/v2\/users\/1"}],"replies":[{"embeddable":true,"href":"https:\/\/elinformante.mx\/index.php?rest_route=%2Fwp%2Fv2%2Fcomments&post=80368"}],"version-history":[{"count":0,"href":"https:\/\/elinformante.mx\/index.php?rest_route=\/wp\/v2\/posts\/80368\/revisions"}],"wp:featuredmedia":[{"embeddable":true,"href":"https:\/\/elinformante.mx\/index.php?rest_route=\/wp\/v2\/media\/80369"}],"wp:attachment":[{"href":"https:\/\/elinformante.mx\/index.php?rest_route=%2Fwp%2Fv2%2Fmedia&parent=80368"}],"wp:term":[{"taxonomy":"category","embeddable":true,"href":"https:\/\/elinformante.mx\/index.php?rest_route=%2Fwp%2Fv2%2Fcategories&post=80368"},{"taxonomy":"post_tag","embeddable":true,"href":"https:\/\/elinformante.mx\/index.php?rest_route=%2Fwp%2Fv2%2Ftags&post=80368"}],"curies":[{"name":"wp","href":"https:\/\/api.w.org\/{rel}","templated":true}]}}