{"id":80375,"date":"2025-04-08T06:12:37","date_gmt":"2025-04-08T12:12:37","guid":{"rendered":"https:\/\/elinformante.mx\/?p=80375"},"modified":"2025-04-08T06:12:39","modified_gmt":"2025-04-08T12:12:39","slug":"socializa-ieem-la-consulta-infantil-y-juvenil-2023-entre-estudiantes-del-conalep-de-almoloya-del-rio","status":"publish","type":"post","link":"https:\/\/elinformante.mx\/?p=80375","title":{"rendered":"Socializa IEEM la Consulta Infantil y Juvenil 2023 entre estudiantes del Conalep de Almoloya Del R\u00edo"},"content":{"rendered":"\n<figure class=\"wp-block-pullquote\"><blockquote><p>Es obligaci\u00f3n del Instituto difundir los resultados y motivar a las autoridades para que atiendan los temas que m\u00e1s preocupan a la ni\u00f1ez y adolescencia mexiquense.<\/p><\/blockquote><\/figure>\n\n\n\n<p class=\"has-drop-cap\">El Instituto Electoral del Estado de M\u00e9xico (IEEM) comparti\u00f3 los resultados de la Consulta Infantil y Juvenil 2023 entre estudiantes, directivos del Conalep 081 Almoloya del R\u00edo y autoridades de ese municipio, con el prop\u00f3sito de dar a conocer lo que siente y anhela la comunidad infantil y juvenil del Estado de M\u00e9xico.<br><\/p>\n\n\n\n<p>Acompa\u00f1ado de Dalia Guerras Galindo, S\u00edndica Municipal de Almoloya del R\u00edo, en representaci\u00f3n del alcalde Oscar Gal\u00e1n Flores, y Yanet Escobedo M\u00e9ndez, directora del Conalep; Rommel Ulises Tob\u00edas Mart\u00ednez, Coordinador de Educaci\u00f3n C\u00edvica del Servicio Profesional Electoral del IEEM, explic\u00f3 que es una obligaci\u00f3n del Instituto rendir cuentas sobre los resultados de la consulta.<br><\/p>\n\n\n\n<p>Se trata, afirm\u00f3 Tob\u00edas, de poner \u00e9nfasis sobre la informaci\u00f3n que se obtuvo, para generar una sinergia institucional que permita proyectar pol\u00edticas p\u00fablicas y detonar acciones concretas de acuerdo con las inquietudes externadas en la consulta. Tambi\u00e9n pidi\u00f3 al estudiantado platicar con sus familiares sobre las conclusiones, a manera de comunicarles la situaci\u00f3n que viven.<br><\/p>\n\n\n\n<figure class=\"wp-block-image size-large\"><img fetchpriority=\"high\" decoding=\"async\" width=\"1024\" height=\"506\" src=\"https:\/\/elinformante.mx\/wp-content\/uploads\/2025\/04\/12.1ieem2-1024x506.jpg\" alt=\"\" class=\"wp-image-80377\" srcset=\"https:\/\/elinformante.mx\/wp-content\/uploads\/2025\/04\/12.1ieem2-1024x506.jpg 1024w, https:\/\/elinformante.mx\/wp-content\/uploads\/2025\/04\/12.1ieem2-300x148.jpg 300w, https:\/\/elinformante.mx\/wp-content\/uploads\/2025\/04\/12.1ieem2-768x379.jpg 768w, https:\/\/elinformante.mx\/wp-content\/uploads\/2025\/04\/12.1ieem2.jpg 1140w\" sizes=\"(max-width: 1024px) 100vw, 1024px\" \/><\/figure>\n\n\n\n<p>La consulta, estructurada en 12 preguntas con cinco opciones de repuesta, fue aplicada a ni\u00f1as, ni\u00f1os y adolescentes (NNA) pertenecientes a diferentes grupos: pueblos originarios; afro mexiquenses; residentes en el extranjero, en casas hogar, en centros de reinserci\u00f3n social; con discapacidad; en situaci\u00f3n de calle o sin una auto adscripci\u00f3n, divididos en tres grupos de edad: de 6 a 9 a\u00f1os; de 10 a 13, y de 14 a 17 a\u00f1os.<br><\/p>\n\n\n\n<p>Los datos expuestos, ante las y los estudiantes de Almoloya del R\u00edo, consideraron \u00fanicamente a NNA residentes en el Estado de M\u00e9xico, de los cuales 503 mil 380 son mujeres; 470 mil 429 hombres; y 14 mil 699 se manifestaron sin g\u00e9nero.<br><\/p>\n\n\n\n<p>Algunas de las preocupaciones expresadas por la comunidad infantil y juvenil son: la eliminaci\u00f3n de la violencia; combatir la inseguridad; tener m\u00e1s polic\u00edas; mayor n\u00famero de becas a estudiantes con mejores oportunidades, y reforzar la igualdad entre hombres y mujeres. Adem\u00e1s, los NNA buscan que se promueva una cultura sobre finanzas personales; incrementar los programas de alimentaci\u00f3n, y regular el uso de los dispositivos electr\u00f3nicos y tener ayuda emocional.<br><\/p>\n\n\n\n<p>En su intervenci\u00f3n, y en presencia de Mar\u00eda Guadalupe Ibarra Estrada, Defensora Municipal de Derechos Humanos de Almoloya del Rio, Yanet Escobedo M\u00e9ndez, directora del plantel, refrend\u00f3 su compromiso para fortalecer los lazos de colaboraci\u00f3n con el IEEM, las autoridades municipales y la comunidad educativa de la regi\u00f3n.<\/p>\n","protected":false},"excerpt":{"rendered":"<p>Es obligaci\u00f3n del Instituto difundir los resultados y motivar a las autoridades para que atiendan los temas que m\u00e1s preocupan a la ni\u00f1ez y adolescencia mexiquense. El Instituto Electoral del Estado de M\u00e9xico (IEEM) comparti\u00f3 los resultados de la Consulta Infantil y Juvenil 2023 entre estudiantes, directivos del Conalep 081 Almoloya del R\u00edo y autoridades [&hellip;]<\/p>\n","protected":false},"author":1,"featured_media":80376,"comment_status":"closed","ping_status":"closed","sticky":false,"template":"","format":"standard","meta":{"footnotes":""},"categories":[36],"tags":[],"class_list":["post-80375","post","type-post","status-publish","format-standard","has-post-thumbnail","hentry","category-edomex"],"_links":{"self":[{"href":"https:\/\/elinformante.mx\/index.php?rest_route=\/wp\/v2\/posts\/80375","targetHints":{"allow":["GET"]}}],"collection":[{"href":"https:\/\/elinformante.mx\/index.php?rest_route=\/wp\/v2\/posts"}],"about":[{"href":"https:\/\/elinformante.mx\/index.php?rest_route=\/wp\/v2\/types\/post"}],"author":[{"embeddable":true,"href":"https:\/\/elinformante.mx\/index.php?rest_route=\/wp\/v2\/users\/1"}],"replies":[{"embeddable":true,"href":"https:\/\/elinformante.mx\/index.php?rest_route=%2Fwp%2Fv2%2Fcomments&post=80375"}],"version-history":[{"count":0,"href":"https:\/\/elinformante.mx\/index.php?rest_route=\/wp\/v2\/posts\/80375\/revisions"}],"wp:featuredmedia":[{"embeddable":true,"href":"https:\/\/elinformante.mx\/index.php?rest_route=\/wp\/v2\/media\/80376"}],"wp:attachment":[{"href":"https:\/\/elinformante.mx\/index.php?rest_route=%2Fwp%2Fv2%2Fmedia&parent=80375"}],"wp:term":[{"taxonomy":"category","embeddable":true,"href":"https:\/\/elinformante.mx\/index.php?rest_route=%2Fwp%2Fv2%2Fcategories&post=80375"},{"taxonomy":"post_tag","embeddable":true,"href":"https:\/\/elinformante.mx\/index.php?rest_route=%2Fwp%2Fv2%2Ftags&post=80375"}],"curies":[{"name":"wp","href":"https:\/\/api.w.org\/{rel}","templated":true}]}}