{"id":80388,"date":"2025-04-08T06:29:59","date_gmt":"2025-04-08T12:29:59","guid":{"rendered":"https:\/\/elinformante.mx\/?p=80388"},"modified":"2025-04-08T06:30:02","modified_gmt":"2025-04-08T12:30:02","slug":"impulsa-ana-muniz-neyra-desarrollo-economico-y-sostenible-en-san-mateo-atenco","status":"publish","type":"post","link":"https:\/\/elinformante.mx\/?p=80388","title":{"rendered":"Impulsa Ana Mu\u00f1iz Neyra desarrollo econ\u00f3mico y sostenible en San Mateo Atenco"},"content":{"rendered":"\n<figure class=\"wp-block-pullquote\"><blockquote><p>La colaboraci\u00f3n con dependencias del Gobierno de M\u00e9xico permite trazar una ruta clara hacia un municipio m\u00e1s pr\u00f3spero, incluyente y sostenible.<\/p><\/blockquote><\/figure>\n\n\n\n<p class=\"has-drop-cap\">El Gobierno Municipal de San Mateo Atenco sostuvo una reuni\u00f3n de trabajo con representantes de la Coordinaci\u00f3n de Pol\u00edticas de Promoci\u00f3n, Inversiones y Exportaci\u00f3n de la Secretar\u00eda de Econom\u00eda del Gobierno de M\u00e9xico, as\u00ed como con el Secretariado Ejecutivo de la Agenda 2030. Este encuentro tuvo como objetivo consolidar esfuerzos interinstitucionales para fortalecer la industria del calzado y promover un desarrollo econ\u00f3mico con enfoque sostenible en el municipio.<br><\/p>\n\n\n\n<p>Durante la reuni\u00f3n se abordaron diversas estrategias para mejorar la competitividad del sector productivo local, en especial el calzado, el cual representa uno de los motores econ\u00f3micos m\u00e1s importantes del municipio.<br><\/p>\n\n\n\n<p>Asimismo, se destac\u00f3 la importancia de alinear las pol\u00edticas locales con los Objetivos de Desarrollo Sostenible establecidos en la Agenda 2030.<br><\/p>\n\n\n\n<p>Este tipo de encuentros refuerzan el compromiso del Gobierno Municipal de San Mateo Atenco, que encabeza la Presidenta Municipal Ana Aurora Mu\u00f1iz Neyra, por generar alianzas estrat\u00e9gicas que impulsen el bienestar social, el cuidado ambiental y la justicia econ\u00f3mica. La colaboraci\u00f3n con dependencias del Gobierno de M\u00e9xico permite trazar una ruta clara hacia un municipio m\u00e1s pr\u00f3spero, incluyente y sostenible.<\/p>\n","protected":false},"excerpt":{"rendered":"<p>La colaboraci\u00f3n con dependencias del Gobierno de M\u00e9xico permite trazar una ruta clara hacia un municipio m\u00e1s pr\u00f3spero, incluyente y sostenible. El Gobierno Municipal de San Mateo Atenco sostuvo una reuni\u00f3n de trabajo con representantes de la Coordinaci\u00f3n de Pol\u00edticas de Promoci\u00f3n, Inversiones y Exportaci\u00f3n de la Secretar\u00eda de Econom\u00eda del Gobierno de M\u00e9xico, as\u00ed [&hellip;]<\/p>\n","protected":false},"author":1,"featured_media":80389,"comment_status":"closed","ping_status":"closed","sticky":false,"template":"","format":"standard","meta":{"footnotes":""},"categories":[30,36],"tags":[],"class_list":["post-80388","post","type-post","status-publish","format-standard","has-post-thumbnail","hentry","category-destacado","category-edomex"],"_links":{"self":[{"href":"https:\/\/elinformante.mx\/index.php?rest_route=\/wp\/v2\/posts\/80388","targetHints":{"allow":["GET"]}}],"collection":[{"href":"https:\/\/elinformante.mx\/index.php?rest_route=\/wp\/v2\/posts"}],"about":[{"href":"https:\/\/elinformante.mx\/index.php?rest_route=\/wp\/v2\/types\/post"}],"author":[{"embeddable":true,"href":"https:\/\/elinformante.mx\/index.php?rest_route=\/wp\/v2\/users\/1"}],"replies":[{"embeddable":true,"href":"https:\/\/elinformante.mx\/index.php?rest_route=%2Fwp%2Fv2%2Fcomments&post=80388"}],"version-history":[{"count":0,"href":"https:\/\/elinformante.mx\/index.php?rest_route=\/wp\/v2\/posts\/80388\/revisions"}],"wp:featuredmedia":[{"embeddable":true,"href":"https:\/\/elinformante.mx\/index.php?rest_route=\/wp\/v2\/media\/80389"}],"wp:attachment":[{"href":"https:\/\/elinformante.mx\/index.php?rest_route=%2Fwp%2Fv2%2Fmedia&parent=80388"}],"wp:term":[{"taxonomy":"category","embeddable":true,"href":"https:\/\/elinformante.mx\/index.php?rest_route=%2Fwp%2Fv2%2Fcategories&post=80388"},{"taxonomy":"post_tag","embeddable":true,"href":"https:\/\/elinformante.mx\/index.php?rest_route=%2Fwp%2Fv2%2Ftags&post=80388"}],"curies":[{"name":"wp","href":"https:\/\/api.w.org\/{rel}","templated":true}]}}