{"id":80391,"date":"2025-04-08T06:32:56","date_gmt":"2025-04-08T12:32:56","guid":{"rendered":"https:\/\/elinformante.mx\/?p=80391"},"modified":"2025-04-08T06:32:59","modified_gmt":"2025-04-08T12:32:59","slug":"secretaria-de-salud-del-edomex-llama-a-la-poblacion-a-realizar-ejercicio-para-prevenir-enfermedades","status":"publish","type":"post","link":"https:\/\/elinformante.mx\/?p=80391","title":{"rendered":"Secretar\u00eda de Salud del Edom\u00e9x llama a la poblaci\u00f3n a realizar ejercicio para prevenir enfermedades"},"content":{"rendered":"\n<figure class=\"wp-block-pullquote\"><blockquote><p>Realizan activaci\u00f3n f\u00edsica en la Alameda de Toluca en el marco de la conmemoraci\u00f3n de los d\u00edas mundiales de la Salud y de la Actividad F\u00edsica.<\/p><\/blockquote><\/figure>\n\n\n\n<p class=\"has-drop-cap\">Bajo el lema \u201cEs tiempo de moverse\u201d, la Secretar\u00eda de Salud del Estado de M\u00e9xico, llev\u00f3 a cabo una jornada ejercicios para conmemorar el D\u00eda Mundial de la Salud y el D\u00eda Mundial de la Actividad F\u00edsica, en el que participaron personal de Promoci\u00f3n de la Salud y las Jurisdicciones Sanitarias de Toluca y Xonacatl\u00e1n.<br><\/p>\n\n\n\n<p>El Subdirector de Prevenci\u00f3n y Control de Enfermedades del Instituto de Salud del Estado de M\u00e9xico (ISEM), Miguel de Jes\u00fas Fuentes Flores, destac\u00f3 que a la par de una buena alimentaci\u00f3n, practicar alg\u00fan deporte permite a la poblaci\u00f3n evitar el desarrollo de padecimientos.<br><\/p>\n\n\n\n<p>Por ello, es fundamental que las personas realicen alguna actividad f\u00edsica de manera constante, ya que est\u00e1 comprobado que previene problemas f\u00edsicos y mentales como el sobrepeso y la obesidad, diabetes, hipertensi\u00f3n y males cardiacos, as\u00ed como estr\u00e9s, ansiedad y depresi\u00f3n.<br><\/p>\n\n\n\n<p>Puntualiz\u00f3 que la meta del sector salud es promover estilos de vida saludables, pero se requiere de la participaci\u00f3n y compromiso de la sociedad para modificar h\u00e1bitos y hacer ejercicio es una de las acciones m\u00e1s efectivas para lograrlo.<br><\/p>\n\n\n\n<p>En tanto, el responsable estatal de Estilos de Vida Saludable y Salud del Escolar, Octavio Ramos Ch\u00e1vez y la beneficiaria de actividades de Pausa para la Salud del Centro Ambulatorio para la Prevenci\u00f3n y Atenci\u00f3n de VIH\/SIDA e ITS (CAPASITS) Toluca, Maciel Gonz\u00e1lez Jim\u00e9nez, coincidieron en que la actividad f\u00edsica es el medio m\u00e1s efectivo para prevenir enfermedades y elevar el bienestar de las y los mexiquenses de todas las edades.<br><\/p>\n\n\n\n<p>Finalmente, ante diversas autoridades de la Secretar\u00eda de Salud, se realiz\u00f3 la clase de activaci\u00f3n f\u00edsica, en la que participaron m\u00e1s de 60 personas del ISEM y las Jurisdicciones Sanitarias de Toluca y Xonacatl\u00e1n.<\/p>\n","protected":false},"excerpt":{"rendered":"<p>Realizan activaci\u00f3n f\u00edsica en la Alameda de Toluca en el marco de la conmemoraci\u00f3n de los d\u00edas mundiales de la Salud y de la Actividad F\u00edsica. Bajo el lema \u201cEs tiempo de moverse\u201d, la Secretar\u00eda de Salud del Estado de M\u00e9xico, llev\u00f3 a cabo una jornada ejercicios para conmemorar el D\u00eda Mundial de la Salud [&hellip;]<\/p>\n","protected":false},"author":1,"featured_media":80392,"comment_status":"closed","ping_status":"closed","sticky":false,"template":"","format":"standard","meta":{"footnotes":""},"categories":[36],"tags":[],"class_list":["post-80391","post","type-post","status-publish","format-standard","has-post-thumbnail","hentry","category-edomex"],"_links":{"self":[{"href":"https:\/\/elinformante.mx\/index.php?rest_route=\/wp\/v2\/posts\/80391","targetHints":{"allow":["GET"]}}],"collection":[{"href":"https:\/\/elinformante.mx\/index.php?rest_route=\/wp\/v2\/posts"}],"about":[{"href":"https:\/\/elinformante.mx\/index.php?rest_route=\/wp\/v2\/types\/post"}],"author":[{"embeddable":true,"href":"https:\/\/elinformante.mx\/index.php?rest_route=\/wp\/v2\/users\/1"}],"replies":[{"embeddable":true,"href":"https:\/\/elinformante.mx\/index.php?rest_route=%2Fwp%2Fv2%2Fcomments&post=80391"}],"version-history":[{"count":0,"href":"https:\/\/elinformante.mx\/index.php?rest_route=\/wp\/v2\/posts\/80391\/revisions"}],"wp:featuredmedia":[{"embeddable":true,"href":"https:\/\/elinformante.mx\/index.php?rest_route=\/wp\/v2\/media\/80392"}],"wp:attachment":[{"href":"https:\/\/elinformante.mx\/index.php?rest_route=%2Fwp%2Fv2%2Fmedia&parent=80391"}],"wp:term":[{"taxonomy":"category","embeddable":true,"href":"https:\/\/elinformante.mx\/index.php?rest_route=%2Fwp%2Fv2%2Fcategories&post=80391"},{"taxonomy":"post_tag","embeddable":true,"href":"https:\/\/elinformante.mx\/index.php?rest_route=%2Fwp%2Fv2%2Ftags&post=80391"}],"curies":[{"name":"wp","href":"https:\/\/api.w.org\/{rel}","templated":true}]}}