{"id":80394,"date":"2025-04-08T06:35:04","date_gmt":"2025-04-08T12:35:04","guid":{"rendered":"https:\/\/elinformante.mx\/?p=80394"},"modified":"2025-04-08T06:35:06","modified_gmt":"2025-04-08T12:35:06","slug":"distingue-uaemex-compromiso-y-excelencia-academica-con-467-nombramientos-de-definitividad","status":"publish","type":"post","link":"https:\/\/elinformante.mx\/?p=80394","title":{"rendered":"Distingue UAEM\u00e9x compromiso y excelencia acad\u00e9mica con 467 nombramientos de Definitividad"},"content":{"rendered":"\n<figure class=\"wp-block-pullquote\"><blockquote><p>Encabeza el rector de la UAEM\u00e9x, Carlos Eduardo Barrera D\u00edaz, ceremonia solemne en el Aula Magna del Edificio de Rector\u00eda.<\/p><\/blockquote><\/figure>\n\n\n\n<p class=\"has-drop-cap\">La Universidad Aut\u00f3noma del Estado de M\u00e9xico (UAEM\u00e9x) llev\u00f3 a cabo la Entrega de Nombramientos de Definitividad a Profesoras y Profesores de Tiempo Completo, Medio Tiempo, T\u00e9cnicos Acad\u00e9micos y de Asignatura.<br><\/p>\n\n\n\n<p>En una ceremonia solemne celebrada en el Aula Magna del Edificio de Rector\u00eda, el rector de la UAEM\u00e9x, Carlos Eduardo Barrera D\u00edaz, encabez\u00f3 la entrega de 73 nombramientos correspondientes a 17 espacios universitarios, consolidando as\u00ed el respaldo institucional hacia el cuerpo acad\u00e9mico que, con vocaci\u00f3n, esfuerzo y excelencia, construye d\u00eda a d\u00eda la reputaci\u00f3n acad\u00e9mica de la M\u00e1xima Casa de Estudios mexiquense.<br><\/p>\n\n\n\n<p>El rector subray\u00f3 durante su mensaje que a lo largo de su Administraci\u00f3n Universitaria (2021-2025) se han otorgado 467 definitividades, de las cuales el 56 por ciento (260 nombramientos) ha sido para mujeres, mientras que el 44 por ciento (207 nombramientos) correspondi\u00f3 a hombres, consolidando un avance significativo en materia de igualdad laboral al interior de la instituci\u00f3n.<br><\/p>\n\n\n\n<p>\u201cEsta acci\u00f3n no solo reconoce la trayectoria y m\u00e9ritos del personal docente, sino que tambi\u00e9n representa un renovado compromiso con el estudiantado, con la generaci\u00f3n de conocimiento y con la vinculaci\u00f3n social, ejes fundamentales de la misi\u00f3n universitaria.\u201d, afirm\u00f3.<br><\/p>\n\n\n\n<figure class=\"wp-block-image size-large\"><img fetchpriority=\"high\" decoding=\"async\" width=\"1024\" height=\"506\" src=\"https:\/\/elinformante.mx\/wp-content\/uploads\/2025\/04\/10.1uaemex2-1024x506.jpg\" alt=\"\" class=\"wp-image-80396\" srcset=\"https:\/\/elinformante.mx\/wp-content\/uploads\/2025\/04\/10.1uaemex2-1024x506.jpg 1024w, https:\/\/elinformante.mx\/wp-content\/uploads\/2025\/04\/10.1uaemex2-300x148.jpg 300w, https:\/\/elinformante.mx\/wp-content\/uploads\/2025\/04\/10.1uaemex2-768x379.jpg 768w, https:\/\/elinformante.mx\/wp-content\/uploads\/2025\/04\/10.1uaemex2.jpg 1140w\" sizes=\"(max-width: 1024px) 100vw, 1024px\" \/><\/figure>\n\n\n\n<p>El secretario de Docencia enfatiz\u00f3 que la entrega de definitividades es un paso clave para fortalecer el v\u00ednculo entre la universidad y su comunidad acad\u00e9mica, cimentado en una educaci\u00f3n humanista, cient\u00edfica y con profundo sentido social.<br><\/p>\n\n\n\n<p>En representaci\u00f3n del profesorado beneficiado, la docente Gloria Zamudio Villarreal, del Centro Universitario UAEM Valle de M\u00e9xico, agradeci\u00f3 a la instituci\u00f3n por brindar certeza laboral y reconocer la entrega cotidiana del magisterio universitario. \u201cEste proceso representa una de las muchas garant\u00edas que la UAEM\u00e9x ofrece a quienes, desde las aulas, contribuimos a la creaci\u00f3n del conocimiento universal\u201d, expres\u00f3.<br><\/p>\n\n\n\n<p>Gracias a estas pol\u00edticas institucionales orientadas al fortalecimiento acad\u00e9mico, la UAEM\u00e9x obtuvo recientemente una acreditaci\u00f3n institucional vigente por los pr\u00f3ximos cinco a\u00f1os, otorgada por los Comit\u00e9s Interinstitucionales para la Evaluaci\u00f3n de la Educaci\u00f3n Superior (CIEES), distinci\u00f3n que avala la calidad de sus procesos formativos y de gesti\u00f3n.<br><\/p>\n\n\n\n<p>Al evento acudieron integrantes de la Secretar\u00eda de Administraci\u00f3n, del Gabinete Universitario, del Colegio de Directores, as\u00ed como representantes de la Unidad Acad\u00e9mica Profesional Tianguistenco y de la comunidad universitaria verde y oro, testigos del reconocimiento a una labor que enaltece el esp\u00edritu universitario.<\/p>\n","protected":false},"excerpt":{"rendered":"<p>Encabeza el rector de la UAEM\u00e9x, Carlos Eduardo Barrera D\u00edaz, ceremonia solemne en el Aula Magna del Edificio de Rector\u00eda. La Universidad Aut\u00f3noma del Estado de M\u00e9xico (UAEM\u00e9x) llev\u00f3 a cabo la Entrega de Nombramientos de Definitividad a Profesoras y Profesores de Tiempo Completo, Medio Tiempo, T\u00e9cnicos Acad\u00e9micos y de Asignatura. En una ceremonia solemne [&hellip;]<\/p>\n","protected":false},"author":1,"featured_media":80395,"comment_status":"closed","ping_status":"closed","sticky":false,"template":"","format":"standard","meta":{"footnotes":""},"categories":[30,36],"tags":[],"class_list":["post-80394","post","type-post","status-publish","format-standard","has-post-thumbnail","hentry","category-destacado","category-edomex"],"_links":{"self":[{"href":"https:\/\/elinformante.mx\/index.php?rest_route=\/wp\/v2\/posts\/80394","targetHints":{"allow":["GET"]}}],"collection":[{"href":"https:\/\/elinformante.mx\/index.php?rest_route=\/wp\/v2\/posts"}],"about":[{"href":"https:\/\/elinformante.mx\/index.php?rest_route=\/wp\/v2\/types\/post"}],"author":[{"embeddable":true,"href":"https:\/\/elinformante.mx\/index.php?rest_route=\/wp\/v2\/users\/1"}],"replies":[{"embeddable":true,"href":"https:\/\/elinformante.mx\/index.php?rest_route=%2Fwp%2Fv2%2Fcomments&post=80394"}],"version-history":[{"count":0,"href":"https:\/\/elinformante.mx\/index.php?rest_route=\/wp\/v2\/posts\/80394\/revisions"}],"wp:featuredmedia":[{"embeddable":true,"href":"https:\/\/elinformante.mx\/index.php?rest_route=\/wp\/v2\/media\/80395"}],"wp:attachment":[{"href":"https:\/\/elinformante.mx\/index.php?rest_route=%2Fwp%2Fv2%2Fmedia&parent=80394"}],"wp:term":[{"taxonomy":"category","embeddable":true,"href":"https:\/\/elinformante.mx\/index.php?rest_route=%2Fwp%2Fv2%2Fcategories&post=80394"},{"taxonomy":"post_tag","embeddable":true,"href":"https:\/\/elinformante.mx\/index.php?rest_route=%2Fwp%2Fv2%2Ftags&post=80394"}],"curies":[{"name":"wp","href":"https:\/\/api.w.org\/{rel}","templated":true}]}}