{"id":80409,"date":"2025-04-08T06:57:50","date_gmt":"2025-04-08T12:57:50","guid":{"rendered":"https:\/\/elinformante.mx\/?p=80409"},"modified":"2025-04-08T06:57:55","modified_gmt":"2025-04-08T12:57:55","slug":"recibe-delfina-gomez-a-julio-cesar-chavez-en-la-casa-del-pueblo","status":"publish","type":"post","link":"https:\/\/elinformante.mx\/?p=80409","title":{"rendered":"Recibe Delfina G\u00f3mez a Julio C\u00e9sar Ch\u00e1vez en la Casa Del Pueblo"},"content":{"rendered":"\n<figure class=\"wp-block-pullquote\"><blockquote><p>Felicita \u201cEl C\u00e9sar del Boxeo\u201d a la Mandataria estatal por la iniciativa para instalar m\u00f3dulos para impartir esta disciplina.<\/p><\/blockquote><\/figure>\n\n\n\n<p class=\"has-drop-cap\">\u201cEn el marco de la #ClaseNacionalDeBoxeo, recib\u00ed en Palacio de Gobierno, en Toluca, al m\u00e1ximo campe\u00f3n mexicano de boxeo, el gran @jcchavez115,\u201d inform\u00f3 la Gobernadora Delfina G\u00f3mez \u00c1lvarez en sus redes sociales.<br><\/p>\n\n\n\n<p>A un d\u00eda de efectuado este evento, donde el Estado de M\u00e9xico marc\u00f3 r\u00e9cord de asistencia con 50 mil participantes, Julio C\u00e9sar Ch\u00e1vez, campe\u00f3n de t\u00edtulos mundiales en las divisiones de peso superpluma, ligero y superligero, reconoci\u00f3 la iniciativa de desarrollar m\u00f3dulos de box en la entidad, anunciada por la Gobernadora Delfina G\u00f3mez, a fin de promover esta disciplina deportiva, ya que el Estado de M\u00e9xico es semillero de grandes pugilistas.<br><\/p>\n\n\n\n<figure class=\"wp-block-image size-large\"><img fetchpriority=\"high\" decoding=\"async\" width=\"1024\" height=\"506\" src=\"https:\/\/elinformante.mx\/wp-content\/uploads\/2025\/04\/pdefina2-1024x506.jpg\" alt=\"\" class=\"wp-image-80411\" srcset=\"https:\/\/elinformante.mx\/wp-content\/uploads\/2025\/04\/pdefina2-1024x506.jpg 1024w, https:\/\/elinformante.mx\/wp-content\/uploads\/2025\/04\/pdefina2-300x148.jpg 300w, https:\/\/elinformante.mx\/wp-content\/uploads\/2025\/04\/pdefina2-768x379.jpg 768w, https:\/\/elinformante.mx\/wp-content\/uploads\/2025\/04\/pdefina2.jpg 1140w\" sizes=\"(max-width: 1024px) 100vw, 1024px\" \/><\/figure>\n\n\n\n<p>Durante esta visita a la Casa del Pueblo, en compa\u00f1\u00eda de Horacio Duarte Olivares, Secretario General de Gobierno, la Mandataria estatal mostr\u00f3 a Julio C\u00e9sar Ch\u00e1vez los murales y salones con los que cuenta la sede del Poder Ejecutivo estatal, as\u00ed como los reconocimientos que ha recibido por parte pueblos originarios y de la ciudadan\u00eda mexiquense.<br><\/p>\n\n\n\n<p>\u201cUn honor que alguien con su trayectoria y reconocido a nivel mundial sea aliado del Gobierno de la Presidenta @claudiashein como portavoz para fomentar el deporte y combatir las adicciones. \u00a1En el #EstadoDeM\u00e9xico siempre ser\u00e1s bienvenido, campe\u00f3n! #ElPoderDeServir\u201d, puntualiz\u00f3 la Gobernadora Delfina G\u00f3mez.<br><\/p>\n\n\n\n<p>\u201cEl C\u00e9sar del Boxeo\u201d, uno de los mejores pugilistas libra por libra en la d\u00e9cada de 1990, record\u00f3 que hace m\u00e1s de 35 a\u00f1os realiz\u00f3 entrenamientos en la ciudad de Toluca y en el Centro Ceremonial Otom\u00ed, en Temoaya, espacios que dijo les tiene un afecto especial, ya que los entrenamientos de esa \u00e9poca fueron claves para sus combates, adem\u00e1s de que gener\u00f3 amistades que hasta la fecha le acompa\u00f1an.<\/p>\n","protected":false},"excerpt":{"rendered":"<p>Felicita \u201cEl C\u00e9sar del Boxeo\u201d a la Mandataria estatal por la iniciativa para instalar m\u00f3dulos para impartir esta disciplina. \u201cEn el marco de la #ClaseNacionalDeBoxeo, recib\u00ed en Palacio de Gobierno, en Toluca, al m\u00e1ximo campe\u00f3n mexicano de boxeo, el gran @jcchavez115,\u201d inform\u00f3 la Gobernadora Delfina G\u00f3mez \u00c1lvarez en sus redes sociales. A un d\u00eda de [&hellip;]<\/p>\n","protected":false},"author":1,"featured_media":80410,"comment_status":"closed","ping_status":"closed","sticky":false,"template":"","format":"standard","meta":{"footnotes":""},"categories":[30,36,31],"tags":[46],"class_list":["post-80409","post","type-post","status-publish","format-standard","has-post-thumbnail","hentry","category-destacado","category-edomex","category-portada","tag-portadaedomex"],"_links":{"self":[{"href":"https:\/\/elinformante.mx\/index.php?rest_route=\/wp\/v2\/posts\/80409","targetHints":{"allow":["GET"]}}],"collection":[{"href":"https:\/\/elinformante.mx\/index.php?rest_route=\/wp\/v2\/posts"}],"about":[{"href":"https:\/\/elinformante.mx\/index.php?rest_route=\/wp\/v2\/types\/post"}],"author":[{"embeddable":true,"href":"https:\/\/elinformante.mx\/index.php?rest_route=\/wp\/v2\/users\/1"}],"replies":[{"embeddable":true,"href":"https:\/\/elinformante.mx\/index.php?rest_route=%2Fwp%2Fv2%2Fcomments&post=80409"}],"version-history":[{"count":0,"href":"https:\/\/elinformante.mx\/index.php?rest_route=\/wp\/v2\/posts\/80409\/revisions"}],"wp:featuredmedia":[{"embeddable":true,"href":"https:\/\/elinformante.mx\/index.php?rest_route=\/wp\/v2\/media\/80410"}],"wp:attachment":[{"href":"https:\/\/elinformante.mx\/index.php?rest_route=%2Fwp%2Fv2%2Fmedia&parent=80409"}],"wp:term":[{"taxonomy":"category","embeddable":true,"href":"https:\/\/elinformante.mx\/index.php?rest_route=%2Fwp%2Fv2%2Fcategories&post=80409"},{"taxonomy":"post_tag","embeddable":true,"href":"https:\/\/elinformante.mx\/index.php?rest_route=%2Fwp%2Fv2%2Ftags&post=80409"}],"curies":[{"name":"wp","href":"https:\/\/api.w.org\/{rel}","templated":true}]}}