{"id":80417,"date":"2025-04-08T07:06:32","date_gmt":"2025-04-08T13:06:32","guid":{"rendered":"https:\/\/elinformante.mx\/?p=80417"},"modified":"2025-04-08T07:06:34","modified_gmt":"2025-04-08T13:06:34","slug":"inicia-prueba-piloto-de-ruta-3-de-rtp-beneficiara-a-mas-de-130-mil-usuarios-en-iztapalapa","status":"publish","type":"post","link":"https:\/\/elinformante.mx\/?p=80417","title":{"rendered":"Inicia prueba piloto de ruta 3 de RTP; beneficiar\u00e1 a m\u00e1s de 130 mil usuarios en Iztapalapa"},"content":{"rendered":"\n<figure class=\"wp-block-pullquote\"><blockquote><p>Esta nueva ruta tendr\u00e1 una extensi\u00f3n de m\u00e1s de seis kil\u00f3metros en ambos sentidos.<\/p><\/blockquote><\/figure>\n\n\n\n<p class=\"has-drop-cap\">Para poder mantener el orden de la vialidad y garantizar la seguridad de los peatones, la alcald\u00eda Gustavo A. Madero, encabezada por Janecarlo Lozano, llev\u00f3 a cabo la instalaci\u00f3n de bolardos afuera del Hospital Magdalena de las Salinas para evitar el mal uso de la v\u00eda p\u00fablica.<br><\/p>\n\n\n\n<p>La Red de Transporte de Pasajeros (RTP) arranc\u00f3 la prueba piloto de una nueva ruta \u201c3\u201d, la cual va de Santa Catarina a San Francisco Apolocalco, en Iztapalapa.<br><\/p>\n\n\n\n<p>Esta nueva ruta tendr\u00e1 una extensi\u00f3n de m\u00e1s de seis kil\u00f3metros en ambos sentidos y beneficiar\u00e1 a m\u00e1s de 130 mil personas mensualmente.<br><\/p>\n\n\n\n<p>La ruta tendr\u00e1 un periodo piloto de 60 d\u00edas h\u00e1biles, con un servicio expreso, con una tarifa de 4 pesos por viaje con ingreso de la Tarjeta de Movilidad Integrada (MI); asimismo, se otorgar\u00e1 gratuidad a personas con discapacidad y adultos mayores.<br><\/p>\n\n\n\n<p>El horario de circulaci\u00f3n ser\u00e1 de lunes a viernes de 05:00 a 00:00 horas, s\u00e1bados de 06:00 a 00:00 horas, d\u00edas festivos y domingos de 07:00 a 00:00 horas.<br><\/p>\n\n\n\n<p>Al banderazo de salida acudieron representantes de la Direcci\u00f3n de Coordinaci\u00f3n Estrat\u00e9gica de la Secretar\u00eda de Movilidad, personal operativo, de supervisi\u00f3n, y personal de la RTP, as\u00ed como vecinos de las colonias San Francisco Apolocalco, Cruces, Palmillas, Herrer\u00eda, 500 metros y Campestre Potrero.<br><\/p>\n\n\n\n<p>\u201cCon estas acciones, el Gobierno de la Ciudad de M\u00e9xico, a trav\u00e9s de la Secretar\u00eda de Movilidad y la RTP, reafirma su compromiso de atender a las zonas m\u00e1s alejadas de la capital, con la finalidad de garantizar el derecho a la movilidad de la ciudadan\u00eda que m\u00e1s lo necesita\u201d, dijo la RTP en un comunicado.<\/p>\n","protected":false},"excerpt":{"rendered":"<p>Esta nueva ruta tendr\u00e1 una extensi\u00f3n de m\u00e1s de seis kil\u00f3metros en ambos sentidos. Para poder mantener el orden de la vialidad y garantizar la seguridad de los peatones, la alcald\u00eda Gustavo A. Madero, encabezada por Janecarlo Lozano, llev\u00f3 a cabo la instalaci\u00f3n de bolardos afuera del Hospital Magdalena de las Salinas para evitar el [&hellip;]<\/p>\n","protected":false},"author":1,"featured_media":80418,"comment_status":"closed","ping_status":"closed","sticky":false,"template":"","format":"standard","meta":{"footnotes":""},"categories":[35],"tags":[],"class_list":["post-80417","post","type-post","status-publish","format-standard","has-post-thumbnail","hentry","category-cdmx"],"_links":{"self":[{"href":"https:\/\/elinformante.mx\/index.php?rest_route=\/wp\/v2\/posts\/80417","targetHints":{"allow":["GET"]}}],"collection":[{"href":"https:\/\/elinformante.mx\/index.php?rest_route=\/wp\/v2\/posts"}],"about":[{"href":"https:\/\/elinformante.mx\/index.php?rest_route=\/wp\/v2\/types\/post"}],"author":[{"embeddable":true,"href":"https:\/\/elinformante.mx\/index.php?rest_route=\/wp\/v2\/users\/1"}],"replies":[{"embeddable":true,"href":"https:\/\/elinformante.mx\/index.php?rest_route=%2Fwp%2Fv2%2Fcomments&post=80417"}],"version-history":[{"count":0,"href":"https:\/\/elinformante.mx\/index.php?rest_route=\/wp\/v2\/posts\/80417\/revisions"}],"wp:featuredmedia":[{"embeddable":true,"href":"https:\/\/elinformante.mx\/index.php?rest_route=\/wp\/v2\/media\/80418"}],"wp:attachment":[{"href":"https:\/\/elinformante.mx\/index.php?rest_route=%2Fwp%2Fv2%2Fmedia&parent=80417"}],"wp:term":[{"taxonomy":"category","embeddable":true,"href":"https:\/\/elinformante.mx\/index.php?rest_route=%2Fwp%2Fv2%2Fcategories&post=80417"},{"taxonomy":"post_tag","embeddable":true,"href":"https:\/\/elinformante.mx\/index.php?rest_route=%2Fwp%2Fv2%2Ftags&post=80417"}],"curies":[{"name":"wp","href":"https:\/\/api.w.org\/{rel}","templated":true}]}}