{"id":80437,"date":"2025-04-08T07:21:43","date_gmt":"2025-04-08T13:21:43","guid":{"rendered":"https:\/\/elinformante.mx\/?p=80437"},"modified":"2025-04-08T07:22:15","modified_gmt":"2025-04-08T13:22:15","slug":"sep-extiende-vacaciones-de-semana-santa-hasta-mayo-de-2025","status":"publish","type":"post","link":"https:\/\/elinformante.mx\/?p=80437","title":{"rendered":"SEP extiende vacaciones de Semana Santa hasta mayo"},"content":{"rendered":"\n<figure class=\"wp-block-pullquote\"><blockquote><p>Ser\u00e1 en el estado de Aguascalientes donde las vacaciones de Semana Santa se recorrer\u00e1n.<\/p><\/blockquote><\/figure>\n\n\n\n<p class=\"has-drop-cap\">La SEP confirm\u00f3 que habr\u00e1 algunas escuelas para las cuales el periodo vacacional cambiar\u00e1 de fecha, y no s\u00f3lo eso, sino que tambi\u00e9n se agregar\u00e1n m\u00e1s d\u00edas de descanso para estudiantes de educaci\u00f3n b\u00e1sica.<br><\/p>\n\n\n\n<p>Ser\u00e1 en el estado de Aguascalientes donde las vacaciones de Semana Santa se recorrer\u00e1n: iniciar\u00e1n el jueves 17 de abril y concluir\u00e1n el lunes 5 de mayo. Esto se debe a la Feria Nacional de San Marcos, que se celebra justamente en dicho estado.<br><\/p>\n\n\n\n<p>Aunado a ello, los estudiantes de preescolar, primaria y secundaria tendr\u00e1n m\u00e1s d\u00edas de descanso, ya que el 30 de abril se celebra el D\u00eda del Ni\u00f1o, y en la mayor\u00eda de las escuelas se suspenden las clases.<br><\/p>\n\n\n\n<p>A esto se suma el jueves 1 de mayo, D\u00eda del Trabajo, que es un feriado oficial y, por ley, no hay actividades escolares ni laborales en todo el pa\u00eds. Justo por ello, en estados como Aguascalientes y Yucat\u00e1n se decidi\u00f3 que el viernes 2 de mayo tambi\u00e9n se suspendan las clases para armar un megapuente, que incluir\u00e1 \u2014en el resto del pa\u00eds\u2014 el lunes 5 de mayo, D\u00eda de la Batalla de Puebla. De este modo, el regreso a las aulas ser\u00e1 hasta el martes 6 de mayo.<br><\/p>\n\n\n\n<p>Por si eso no fuera suficiente, en mayo tambi\u00e9n est\u00e1n programados un par de d\u00edas m\u00e1s en los que no habr\u00e1 clases. Estos son: el jueves 15 de mayo, por la celebraci\u00f3n del D\u00eda del Maestro, y el viernes 30 de mayo, por la junta del Consejo T\u00e9cnico Escolar (CTE).<\/p>\n","protected":false},"excerpt":{"rendered":"<p>Ser\u00e1 en el estado de Aguascalientes donde las vacaciones de Semana Santa se recorrer\u00e1n. La SEP confirm\u00f3 que habr\u00e1 algunas escuelas para las cuales el periodo vacacional cambiar\u00e1 de fecha, y no s\u00f3lo eso, sino que tambi\u00e9n se agregar\u00e1n m\u00e1s d\u00edas de descanso para estudiantes de educaci\u00f3n b\u00e1sica. Ser\u00e1 en el estado de Aguascalientes donde [&hellip;]<\/p>\n","protected":false},"author":1,"featured_media":80438,"comment_status":"closed","ping_status":"closed","sticky":false,"template":"","format":"standard","meta":{"footnotes":""},"categories":[34],"tags":[],"class_list":["post-80437","post","type-post","status-publish","format-standard","has-post-thumbnail","hentry","category-nacional"],"_links":{"self":[{"href":"https:\/\/elinformante.mx\/index.php?rest_route=\/wp\/v2\/posts\/80437","targetHints":{"allow":["GET"]}}],"collection":[{"href":"https:\/\/elinformante.mx\/index.php?rest_route=\/wp\/v2\/posts"}],"about":[{"href":"https:\/\/elinformante.mx\/index.php?rest_route=\/wp\/v2\/types\/post"}],"author":[{"embeddable":true,"href":"https:\/\/elinformante.mx\/index.php?rest_route=\/wp\/v2\/users\/1"}],"replies":[{"embeddable":true,"href":"https:\/\/elinformante.mx\/index.php?rest_route=%2Fwp%2Fv2%2Fcomments&post=80437"}],"version-history":[{"count":0,"href":"https:\/\/elinformante.mx\/index.php?rest_route=\/wp\/v2\/posts\/80437\/revisions"}],"wp:featuredmedia":[{"embeddable":true,"href":"https:\/\/elinformante.mx\/index.php?rest_route=\/wp\/v2\/media\/80438"}],"wp:attachment":[{"href":"https:\/\/elinformante.mx\/index.php?rest_route=%2Fwp%2Fv2%2Fmedia&parent=80437"}],"wp:term":[{"taxonomy":"category","embeddable":true,"href":"https:\/\/elinformante.mx\/index.php?rest_route=%2Fwp%2Fv2%2Fcategories&post=80437"},{"taxonomy":"post_tag","embeddable":true,"href":"https:\/\/elinformante.mx\/index.php?rest_route=%2Fwp%2Fv2%2Ftags&post=80437"}],"curies":[{"name":"wp","href":"https:\/\/api.w.org\/{rel}","templated":true}]}}