{"id":80445,"date":"2025-04-08T07:24:59","date_gmt":"2025-04-08T13:24:59","guid":{"rendered":"https:\/\/elinformante.mx\/?p=80445"},"modified":"2025-04-08T07:25:01","modified_gmt":"2025-04-08T13:25:01","slug":"semillas-de-resistencia-contra-la-tecno-autocracia","status":"publish","type":"post","link":"https:\/\/elinformante.mx\/?p=80445","title":{"rendered":"SEMILLAS DE RESISTENCIA CONTRA LA TECNO-AUTOCRACIA"},"content":{"rendered":"\n<figure class=\"wp-block-pullquote\"><blockquote><p><strong>Por: Luc\u00eda Melgar<\/strong><\/p><\/blockquote><\/figure>\n\n\n\n<p class=\"has-drop-cap\">Mientras el inter\u00e9s de la prensa se concentraba en los efectos destructivos de los aranceles impuestos por el presidente Trump, este s\u00e1bado la sociedad civil de Estados Unidos empez\u00f3 a salir del shock y manifest\u00f3 su creciente malestar en ciudades grandes y peque\u00f1as de los 50 estados, incluso en zonas conservadoras como Utah y Alabama. Cinco millones de personas de muy diversas ocupaciones y posturas pol\u00edticas, incluso votantes republicanos, salieron a las calles bajo el lema com\u00fan \u201c\u00a1Saquen las manos!\u201d (\u201cHands off\u201d), en defensa del seguro social, la diversidad, la educaci\u00f3n, los derechos laborales, la libertad de expresi\u00f3n, pensamiento e investigaci\u00f3n\u2026<br><\/p>\n\n\n\n<p>La mayor\u00eda de los principales diarios de ese pa\u00eds minimizaron estas movilizaciones. Evitaron ver en ellas una primera respuesta social a la pol\u00edtica de la crueldad de la tecno-autocracia que ha tomado por asalto tanto el sistema econ\u00f3mico internacional como la estructura del gobierno y las instituciones democr\u00e1ticas de Estados Unidos. O se autocensuraron. Al pasar por alto estas protestas, los medios tradicionales pretenden ignorar el poder de la resistencia civil, como si \u201colvidaran\u201d la larga historia de movilizaciones sociales que, con enormes costos humanos, culmin\u00f3, por ejemplo, en el reconocimiento de los derechos civiles hace seis d\u00e9cadas. Tal desinformaci\u00f3n no es de responsabilidad de quienes ejercen el periodismo dignamente, sino de los millonarios que han aprovechado el declive econ\u00f3mico de diarios nacionales \u201cprogresistas\u201d para incidir en su pol\u00edtica editorial. De ah\u00ed la importancia creciente de revistas con mayor autonom\u00eda, de peri\u00f3dicos locales, precarios, y de medios alternativos que difunden reflexiones cr\u00edticas contra la administraci\u00f3n tecno-autocr\u00e1tica.<br><\/p>\n\n\n\n<p>Adem\u00e1s de las movilizaciones, que algunos funcionarios han estigmatizado como acarreo pagado, son muy significativos los m\u00faltiples recursos legales que han interpuesto organizaciones como ACLU, en defensa de los derechos humanos de la poblaci\u00f3n migrante as\u00ed como de la ciudadan\u00eda no nacida en Estados Unidos, cuyo derecho a la nacionalidad pretende borrar el presidente; o que preparan sindicatos como la Federaci\u00f3n de Empleados P\u00fablicos (AFGE) para defender los derechos de sus afiliados, o algunas instituciones a las que se les han recortado fondos de manera arbitraria. En un sistema donde el poder judicial todav\u00eda tiene autoridad, estos recursos constituyen un importante medio de resistencia, aunque sus efectos no sean inmediatos e incluso puedan fracasar ante un r\u00e9gimen que pretende hacer de la ilegalidad un instrumento de gobierno.<br><\/p>\n\n\n\n<p>Con esto parecen coincidir tres profesores de connotadas facultades de derecho que, en un art\u00edculo de opini\u00f3n, sugieren que las universidades atacadas o amenazadas por la pol\u00edtica represiva del gobierno deben unirse en un litigio estrat\u00e9gico para defenderse y preservar las condiciones necesarias para seguir cumpliendo con su misi\u00f3n educativa. Mientras que ceder como Columbia, dicen, implica exponerse a mayores extorsiones, o litigar por separado ser\u00eda muy arriesgado, presentar en conjunto recursos legales o coordinar sus acciones, dar\u00eda m\u00e1s poder a estas instituciones y demostrar\u00eda su compromiso con las libertades y los derechos fundamentales. Adem\u00e1s, escriben, enviar\u00edan el mensaje \u201cde que las instituciones de la sociedad civil tienen la obligaci\u00f3n de defender las normas b\u00e1sicas de la democracia y del Estado de derecho (rule of law)\u201d (The Nation, 7.IV, 25).<br><\/p>\n\n\n\n<p>Quienes han estudiado o vivido bajo reg\u00edmenes autoritarios, y sobre todo bajo gobiernos totalitarios, saben que el silencio, la autocensura o el apaciguamiento son estrategias del d\u00e9bil que quiz\u00e1 protejan de lo peor pero no contribuyen al cambio social. Estados Unidos es ya una tecno-autocracia en busca de control total; no es todav\u00eda una dictadura sangrienta. En este momento de crisis, la resistencia civil desde lo local es fundamental: da esperanza a gente que se sent\u00eda aislada e invita a coordinar acciones con otras personas y grupos.<br><\/p>\n\n\n\n<p>En estos tiempos obscuros, all\u00e1 y aqu\u00ed, cabe recordar las palabras del senador Cory Booker, quien durante 25 horas defendi\u00f3 la democracia y la legalidad: \u201cEl poder de la gente es superior al de quienes est\u00e1n en el poder\u201d.<\/p>\n","protected":false},"excerpt":{"rendered":"<p>Por: Luc\u00eda Melgar Mientras el inter\u00e9s de la prensa se concentraba en los efectos destructivos de los aranceles impuestos por el presidente Trump, este s\u00e1bado la sociedad civil de Estados Unidos empez\u00f3 a salir del shock y manifest\u00f3 su creciente malestar en ciudades grandes y peque\u00f1as de los 50 estados, incluso en zonas conservadoras como [&hellip;]<\/p>\n","protected":false},"author":1,"featured_media":80446,"comment_status":"closed","ping_status":"closed","sticky":false,"template":"","format":"standard","meta":{"footnotes":""},"categories":[32],"tags":[],"class_list":["post-80445","post","type-post","status-publish","format-standard","has-post-thumbnail","hentry","category-editorial"],"_links":{"self":[{"href":"https:\/\/elinformante.mx\/index.php?rest_route=\/wp\/v2\/posts\/80445","targetHints":{"allow":["GET"]}}],"collection":[{"href":"https:\/\/elinformante.mx\/index.php?rest_route=\/wp\/v2\/posts"}],"about":[{"href":"https:\/\/elinformante.mx\/index.php?rest_route=\/wp\/v2\/types\/post"}],"author":[{"embeddable":true,"href":"https:\/\/elinformante.mx\/index.php?rest_route=\/wp\/v2\/users\/1"}],"replies":[{"embeddable":true,"href":"https:\/\/elinformante.mx\/index.php?rest_route=%2Fwp%2Fv2%2Fcomments&post=80445"}],"version-history":[{"count":0,"href":"https:\/\/elinformante.mx\/index.php?rest_route=\/wp\/v2\/posts\/80445\/revisions"}],"wp:featuredmedia":[{"embeddable":true,"href":"https:\/\/elinformante.mx\/index.php?rest_route=\/wp\/v2\/media\/80446"}],"wp:attachment":[{"href":"https:\/\/elinformante.mx\/index.php?rest_route=%2Fwp%2Fv2%2Fmedia&parent=80445"}],"wp:term":[{"taxonomy":"category","embeddable":true,"href":"https:\/\/elinformante.mx\/index.php?rest_route=%2Fwp%2Fv2%2Fcategories&post=80445"},{"taxonomy":"post_tag","embeddable":true,"href":"https:\/\/elinformante.mx\/index.php?rest_route=%2Fwp%2Fv2%2Ftags&post=80445"}],"curies":[{"name":"wp","href":"https:\/\/api.w.org\/{rel}","templated":true}]}}