{"id":80448,"date":"2025-04-08T07:26:11","date_gmt":"2025-04-08T13:26:11","guid":{"rendered":"https:\/\/elinformante.mx\/?p=80448"},"modified":"2025-04-08T07:26:19","modified_gmt":"2025-04-08T13:26:19","slug":"campana-contra-las-adicciones-toma-fuerza-en-todo-mexico","status":"publish","type":"post","link":"https:\/\/elinformante.mx\/?p=80448","title":{"rendered":"CAMPA\u00d1A CONTRA LAS ADICCIONES TOMA FUERZA EN TODO M\u00c9XICO"},"content":{"rendered":"\n<figure class=\"wp-block-pullquote\"><blockquote><p>La presidenta Claudia Sheinbaum Pardo anunci\u00f3 el concurso musical \u201cM\u00e9xico Canta\u201d para promover la m\u00fasica mexicana sin contenidos que hagan apolog\u00eda de la violencia o de las drogas.<\/p><\/blockquote><\/figure>\n\n\n\n<p class=\"has-drop-cap\">Como parte de la campa\u00f1a para promover la paz y combatir el consumo de sustancias nocivas, la presidenta Claudia Sheinbaum Pardo anunci\u00f3 el concurso musical \u201cM\u00e9xico Canta\u201d, dirigido a j\u00f3venes compositores e int\u00e9rpretes mexicanos que radiquen en territorio nacional o estadunidense.<br><\/p>\n\n\n\n<p>\u201cEl objetivo es promover la m\u00fasica mexicana sin contenidos que hagan apolog\u00eda de la violencia o de las drogas. Por lo tanto, es parte de nuestra gran campa\u00f1a por la paz y contra las adicciones, y adem\u00e1s del impulso de la actividad creativa de las y los j\u00f3venes mexicanos, el impulso a la m\u00fasica mexicana en ambos lados de la frontera\u201d.<br><\/p>\n\n\n\n<p>Se trata del primer concurso binacional dirigido a personas de entre 18 y 34 a\u00f1os enfocado en varios g\u00e9neros musicales, como mariachi, norte\u00f1o, banda, corrido, tropical, duranguense, campirano, bolero, entre otros; as\u00ed como fusiones con rap, rock, pop o hip hop.<br><\/p>\n\n\n\n<p>La primera mandataria indic\u00f3 que el segundo objetivo del concurso, como parte del Plan M\u00e9xico, es atraer al pa\u00eds parte de la industria creativa que existe en Estados Unidos, \u201cpara promover esta actividad que a veces parece que es muy peque\u00f1a, pero es muy grande, y genera much\u00edsimos empleos en Estados Unidos y queremos que mucho de eso tambi\u00e9n venga a nuestro pa\u00eds\u201d.<br><\/p>\n\n\n\n<p>Asimismo, se\u00f1al\u00f3 que se tiene el prop\u00f3sito de fortalecer la justicia social del pueblo mexicano y atender las causas de problemas como el narcotr\u00e1fico y la drogadicci\u00f3n. \u201cLo que queremos es que haya una identidad vinculada con el arte, con la cultura, el deporte, con una vida llena de acceso a derechos como el derecho a la educaci\u00f3n, la cultura, el deporte\u201d.<br><\/p>\n\n\n\n<p>Por su parte, la secretaria de Cultura, Claudia Curiel de Icaza, dio a conocer las bases del concurso y el calendario de sus distintas etapas. Igualmente, explic\u00f3 que los participantes en la categor\u00eda de composici\u00f3n deber\u00e1n enviar una grabaci\u00f3n con una canci\u00f3n in\u00e9dita de hasta tres minutos, mientras que quienes deseen concursar como int\u00e9rpretes podr\u00e1n enviar un fragmento del mismo tiempo con una canci\u00f3n que se ajuste al perfil del certamen.<br><\/p>\n\n\n\n<p>Adem\u00e1s, a\u00f1adi\u00f3 que tras el lanzamiento de la convocatoria, los interesados tendr\u00e1n tres semanas para prepararse. \u201cY, a partir del 28 de abril al 30 de mayo en la plataforma mexicocanta.gob.mx se env\u00edan estas grabaciones, ya en la p\u00e1gina vendr\u00e1n todas las especificaciones\u201d.<br><\/p>\n\n\n\n<figure class=\"wp-block-image size-large\"><img fetchpriority=\"high\" decoding=\"async\" width=\"1024\" height=\"506\" src=\"https:\/\/elinformante.mx\/wp-content\/uploads\/2025\/04\/pclaudia2-1-1024x506.jpg\" alt=\"\" class=\"wp-image-80450\" srcset=\"https:\/\/elinformante.mx\/wp-content\/uploads\/2025\/04\/pclaudia2-1-1024x506.jpg 1024w, https:\/\/elinformante.mx\/wp-content\/uploads\/2025\/04\/pclaudia2-1-300x148.jpg 300w, https:\/\/elinformante.mx\/wp-content\/uploads\/2025\/04\/pclaudia2-1-768x379.jpg 768w, https:\/\/elinformante.mx\/wp-content\/uploads\/2025\/04\/pclaudia2-1.jpg 1140w\" sizes=\"(max-width: 1024px) 100vw, 1024px\" \/><\/figure>\n\n\n\n<p>Sobre las etapas del concurso, Curiel de Icaza puntualiz\u00f3 que la primera fase corresponde al per\u00edodo de preparaci\u00f3n. Posteriormente, las inscripciones estar\u00e1n abiertas del 28 al 30 de mayo. La siguiente etapa consistir\u00e1 en una selecci\u00f3n realizada por un jurado integrado por especialistas del Consejo Mexicano de la M\u00fasica.<br><\/p>\n\n\n\n<p>Tambi\u00e9n, coment\u00f3 que, de este proceso, saldr\u00e1n 10 seleccionados por entidad federativa, y 15 por cada una de las tres regiones de Estados Unidos, lo cual dar\u00e1 un total de 365 participantes, quienes avanzar\u00e1n a la siguiente fase.<br><\/p>\n\n\n\n<p>\u201cVamos a ir a las eliminatorias presenciales. Va a ser un concurso en vivo los domingos en distintos estados y ciudades de Estados Unidos. Y en estas eliminatorias regionales, que ser\u00e1n del 17 de agosto al 21 de septiembre, el mecanismo es presencial, en vivo, transmitido por los medios p\u00fablicos, y van a llegar ocho participantes por eliminatoria\u201d.<br><\/p>\n\n\n\n<p>Por \u00faltimo, Curiel de Icaza mencion\u00f3 que, actualmente, M\u00e9xico ocupa el puesto n\u00famero 10 en el mercado global de la industria musical y el n\u00famero 8 en consumo digital. Sin embargo, m\u00e1s del 70 por ciento de la m\u00fasica latina est\u00e1 dominada por corridos, muchos de los cuales promueven la apolog\u00eda de la violencia.<br><\/p>\n\n\n\n<p>\u201cPor estas razones, y por instrucciones de la presidenta, la Secretar\u00eda de Cultura se puso a trabajar en un concurso que ella nos solicit\u00f3. Y tuvimos una respuesta muy importante de toda la industria, del sector independiente y de todos, para hacer un concurso con esta alianza que lo va a profesionalizar. Y decir que es una alianza hist\u00f3rica entre gobierno-iniciativa privada como una pol\u00edtica cultural en el campo de la m\u00fasica, sin precedentes, enfocado en los j\u00f3venes para beneficio de M\u00e9xico, para fomentar y fortalecer esta nueva m\u00fasica mexicana y, por supuesto, la industria nacional\u201d.<br><\/p>\n\n\n\n<p>Con ello, Curiel de Icaza puntualiz\u00f3 que el concurso \u201cM\u00e9xico Canta\u201d pretende profesionalizar y promover la m\u00fasica mexicana para generar otro tipo de oportunidades creativas para que los j\u00f3venes puedan desempe\u00f1arse.<br><\/p>\n\n\n\n<p>\u201cNo puede haber transformaci\u00f3n de pa\u00eds sin una transformaci\u00f3n cultural. Y la m\u00fasica sabemos que convoca al mundo entero. Y estamos muy orgullosas y orgullosos de todos nuestros artistas y todos nuestras compa\u00f1eras y compa\u00f1eros de la industria\u201d.<\/p>\n","protected":false},"excerpt":{"rendered":"<p>La presidenta Claudia Sheinbaum Pardo anunci\u00f3 el concurso musical \u201cM\u00e9xico Canta\u201d para promover la m\u00fasica mexicana sin contenidos que hagan apolog\u00eda de la violencia o de las drogas. Como parte de la campa\u00f1a para promover la paz y combatir el consumo de sustancias nocivas, la presidenta Claudia Sheinbaum Pardo anunci\u00f3 el concurso musical \u201cM\u00e9xico Canta\u201d, [&hellip;]<\/p>\n","protected":false},"author":1,"featured_media":80449,"comment_status":"closed","ping_status":"closed","sticky":false,"template":"","format":"standard","meta":{"footnotes":""},"categories":[30,34,31],"tags":[47],"class_list":["post-80448","post","type-post","status-publish","format-standard","has-post-thumbnail","hentry","category-destacado","category-nacional","category-portada","tag-portadanacional"],"_links":{"self":[{"href":"https:\/\/elinformante.mx\/index.php?rest_route=\/wp\/v2\/posts\/80448","targetHints":{"allow":["GET"]}}],"collection":[{"href":"https:\/\/elinformante.mx\/index.php?rest_route=\/wp\/v2\/posts"}],"about":[{"href":"https:\/\/elinformante.mx\/index.php?rest_route=\/wp\/v2\/types\/post"}],"author":[{"embeddable":true,"href":"https:\/\/elinformante.mx\/index.php?rest_route=\/wp\/v2\/users\/1"}],"replies":[{"embeddable":true,"href":"https:\/\/elinformante.mx\/index.php?rest_route=%2Fwp%2Fv2%2Fcomments&post=80448"}],"version-history":[{"count":0,"href":"https:\/\/elinformante.mx\/index.php?rest_route=\/wp\/v2\/posts\/80448\/revisions"}],"wp:featuredmedia":[{"embeddable":true,"href":"https:\/\/elinformante.mx\/index.php?rest_route=\/wp\/v2\/media\/80449"}],"wp:attachment":[{"href":"https:\/\/elinformante.mx\/index.php?rest_route=%2Fwp%2Fv2%2Fmedia&parent=80448"}],"wp:term":[{"taxonomy":"category","embeddable":true,"href":"https:\/\/elinformante.mx\/index.php?rest_route=%2Fwp%2Fv2%2Fcategories&post=80448"},{"taxonomy":"post_tag","embeddable":true,"href":"https:\/\/elinformante.mx\/index.php?rest_route=%2Fwp%2Fv2%2Ftags&post=80448"}],"curies":[{"name":"wp","href":"https:\/\/api.w.org\/{rel}","templated":true}]}}