{"id":80452,"date":"2025-04-08T16:31:08","date_gmt":"2025-04-08T22:31:08","guid":{"rendered":"https:\/\/elinformante.mx\/?p=80452"},"modified":"2025-04-08T16:34:00","modified_gmt":"2025-04-08T22:34:00","slug":"harfuch-informa-que-hay-mas-de-17-mil-delincuentes-detenidos","status":"publish","type":"post","link":"https:\/\/elinformante.mx\/?p=80452","title":{"rendered":"HARFUCH INFORMA QUE HAY M\u00c1S DE 17 MIL DELINCUENTES DETENIDOS"},"content":{"rendered":"\n<p>En la conferencia matutina de este d\u00eda, el titular de la Secretar\u00eda de Seguridad y Protecci\u00f3n Ciudadana, Omar Garc\u00eda Harfuch, inform\u00f3 que en los primeros seis meses del gobierno de Claudia Sheinbaum se han detenido a m\u00e1s de 17 mil personas por del1t0s de alto impacto.\u00a0\u00a0<br><\/p>\n\n\n\n<p>Garc\u00eda Harfuch, detall\u00f3 que esas detenciones han permitido desarticular redes criminales en distintas regiones del pa\u00eds, fortaleciendo la estrategia nacional de seguridad. Adem\u00e1s, indic\u00f3 que se han asegurado m\u00e1s de 140 toneladas de droga. \u00a0<\/p>\n\n\n\n<p><\/p>\n","protected":false},"excerpt":{"rendered":"<p>En la conferencia matutina de este d\u00eda, el titular de la Secretar\u00eda de Seguridad y Protecci\u00f3n Ciudadana, Omar Garc\u00eda Harfuch, inform\u00f3 que en los primeros seis meses del gobierno de Claudia Sheinbaum se han detenido a m\u00e1s de 17 mil personas por del1t0s de alto impacto.\u00a0\u00a0 Garc\u00eda Harfuch, detall\u00f3 que esas detenciones han permitido desarticular [&hellip;]<\/p>\n","protected":false},"author":2,"featured_media":80453,"comment_status":"closed","ping_status":"closed","sticky":false,"template":"","format":"standard","meta":{"footnotes":""},"categories":[34],"tags":[],"class_list":["post-80452","post","type-post","status-publish","format-standard","has-post-thumbnail","hentry","category-nacional"],"_links":{"self":[{"href":"https:\/\/elinformante.mx\/index.php?rest_route=\/wp\/v2\/posts\/80452","targetHints":{"allow":["GET"]}}],"collection":[{"href":"https:\/\/elinformante.mx\/index.php?rest_route=\/wp\/v2\/posts"}],"about":[{"href":"https:\/\/elinformante.mx\/index.php?rest_route=\/wp\/v2\/types\/post"}],"author":[{"embeddable":true,"href":"https:\/\/elinformante.mx\/index.php?rest_route=\/wp\/v2\/users\/2"}],"replies":[{"embeddable":true,"href":"https:\/\/elinformante.mx\/index.php?rest_route=%2Fwp%2Fv2%2Fcomments&post=80452"}],"version-history":[{"count":0,"href":"https:\/\/elinformante.mx\/index.php?rest_route=\/wp\/v2\/posts\/80452\/revisions"}],"wp:featuredmedia":[{"embeddable":true,"href":"https:\/\/elinformante.mx\/index.php?rest_route=\/wp\/v2\/media\/80453"}],"wp:attachment":[{"href":"https:\/\/elinformante.mx\/index.php?rest_route=%2Fwp%2Fv2%2Fmedia&parent=80452"}],"wp:term":[{"taxonomy":"category","embeddable":true,"href":"https:\/\/elinformante.mx\/index.php?rest_route=%2Fwp%2Fv2%2Fcategories&post=80452"},{"taxonomy":"post_tag","embeddable":true,"href":"https:\/\/elinformante.mx\/index.php?rest_route=%2Fwp%2Fv2%2Ftags&post=80452"}],"curies":[{"name":"wp","href":"https:\/\/api.w.org\/{rel}","templated":true}]}}