{"id":80456,"date":"2025-04-08T16:32:39","date_gmt":"2025-04-08T22:32:39","guid":{"rendered":"https:\/\/elinformante.mx\/?p=80456"},"modified":"2025-04-08T16:32:40","modified_gmt":"2025-04-08T22:32:40","slug":"muere-la-nina-con-gripe-aviar","status":"publish","type":"post","link":"https:\/\/elinformante.mx\/?p=80456","title":{"rendered":"MUERE LA NI\u00d1A CON GRIPE AVIAR"},"content":{"rendered":"\n<p>Hace unos momentos, autoridades de Salud del estado de Coahuila informaron que m4r1\u00f3 la menor de 3 a\u00f1os que hab\u00eda sido reportada como el primer caso de gripe aviar en M\u00e9xico; la peque\u00f1a present\u00f3 una falla multiorg\u00e1nica.<br><\/p>\n","protected":false},"excerpt":{"rendered":"<p>Hace unos momentos, autoridades de Salud del estado de Coahuila informaron que m4r1\u00f3 la menor de 3 a\u00f1os que hab\u00eda sido reportada como el primer caso de gripe aviar en M\u00e9xico; la peque\u00f1a present\u00f3 una falla multiorg\u00e1nica.<\/p>\n","protected":false},"author":2,"featured_media":80457,"comment_status":"closed","ping_status":"closed","sticky":false,"template":"","format":"standard","meta":{"footnotes":""},"categories":[34],"tags":[],"class_list":["post-80456","post","type-post","status-publish","format-standard","has-post-thumbnail","hentry","category-nacional"],"_links":{"self":[{"href":"https:\/\/elinformante.mx\/index.php?rest_route=\/wp\/v2\/posts\/80456","targetHints":{"allow":["GET"]}}],"collection":[{"href":"https:\/\/elinformante.mx\/index.php?rest_route=\/wp\/v2\/posts"}],"about":[{"href":"https:\/\/elinformante.mx\/index.php?rest_route=\/wp\/v2\/types\/post"}],"author":[{"embeddable":true,"href":"https:\/\/elinformante.mx\/index.php?rest_route=\/wp\/v2\/users\/2"}],"replies":[{"embeddable":true,"href":"https:\/\/elinformante.mx\/index.php?rest_route=%2Fwp%2Fv2%2Fcomments&post=80456"}],"version-history":[{"count":0,"href":"https:\/\/elinformante.mx\/index.php?rest_route=\/wp\/v2\/posts\/80456\/revisions"}],"wp:featuredmedia":[{"embeddable":true,"href":"https:\/\/elinformante.mx\/index.php?rest_route=\/wp\/v2\/media\/80457"}],"wp:attachment":[{"href":"https:\/\/elinformante.mx\/index.php?rest_route=%2Fwp%2Fv2%2Fmedia&parent=80456"}],"wp:term":[{"taxonomy":"category","embeddable":true,"href":"https:\/\/elinformante.mx\/index.php?rest_route=%2Fwp%2Fv2%2Fcategories&post=80456"},{"taxonomy":"post_tag","embeddable":true,"href":"https:\/\/elinformante.mx\/index.php?rest_route=%2Fwp%2Fv2%2Ftags&post=80456"}],"curies":[{"name":"wp","href":"https:\/\/api.w.org\/{rel}","templated":true}]}}