{"id":80459,"date":"2025-04-08T16:35:06","date_gmt":"2025-04-08T22:35:06","guid":{"rendered":"https:\/\/elinformante.mx\/?p=80459"},"modified":"2025-04-08T16:35:08","modified_gmt":"2025-04-08T22:35:08","slug":"sheinbaum-deslinda-su-estrategia-de-seguridad-de-la-que-aplicaba-calderon","status":"publish","type":"post","link":"https:\/\/elinformante.mx\/?p=80459","title":{"rendered":"SHEINBAUM DESLINDA SU ESTRATEGIA DE SEGURIDAD DE LA QUE APLICABA CALDER\u00d3N"},"content":{"rendered":"\n<p>\u00a0En la ma\u00f1anera de hoy, la presidenta de M\u00e9xico, Claudia Sheinbaum Pardo, indic\u00f3 que su estrategia de seguridad no tiene nada que ver con la que aplic\u00f3 el expresidente Felipe Calder\u00f3n Hinojosa, quien, dijo, declar\u00f3 la guerra y promovi\u00f3 ejecuciones extrajudiciales.\u00a0\u00a0<br><\/p>\n\n\n\n<p>Sheinbaum, se\u00f1al\u00f3 que &#8220;Calder\u00f3n declar\u00f3 la guerra, nosotros construimos la paz\u201d. Tambi\u00e9n, indic\u00f3 \u201cHac\u00eda ejecuciones extrajudiciales, vinculadas con agencias extranjeras, nosotros no, nosotros cumplimos la ley. Nosotros protegemos al pueblo de M\u00e9xico, es una visi\u00f3n completamente distinta\u201d.&nbsp;<\/p>\n","protected":false},"excerpt":{"rendered":"<p>\u00a0En la ma\u00f1anera de hoy, la presidenta de M\u00e9xico, Claudia Sheinbaum Pardo, indic\u00f3 que su estrategia de seguridad no tiene nada que ver con la que aplic\u00f3 el expresidente Felipe Calder\u00f3n Hinojosa, quien, dijo, declar\u00f3 la guerra y promovi\u00f3 ejecuciones extrajudiciales.\u00a0\u00a0 Sheinbaum, se\u00f1al\u00f3 que &#8220;Calder\u00f3n declar\u00f3 la guerra, nosotros construimos la paz\u201d. Tambi\u00e9n, indic\u00f3 \u201cHac\u00eda [&hellip;]<\/p>\n","protected":false},"author":2,"featured_media":80460,"comment_status":"closed","ping_status":"closed","sticky":false,"template":"","format":"standard","meta":{"footnotes":""},"categories":[34],"tags":[],"class_list":["post-80459","post","type-post","status-publish","format-standard","has-post-thumbnail","hentry","category-nacional"],"_links":{"self":[{"href":"https:\/\/elinformante.mx\/index.php?rest_route=\/wp\/v2\/posts\/80459","targetHints":{"allow":["GET"]}}],"collection":[{"href":"https:\/\/elinformante.mx\/index.php?rest_route=\/wp\/v2\/posts"}],"about":[{"href":"https:\/\/elinformante.mx\/index.php?rest_route=\/wp\/v2\/types\/post"}],"author":[{"embeddable":true,"href":"https:\/\/elinformante.mx\/index.php?rest_route=\/wp\/v2\/users\/2"}],"replies":[{"embeddable":true,"href":"https:\/\/elinformante.mx\/index.php?rest_route=%2Fwp%2Fv2%2Fcomments&post=80459"}],"version-history":[{"count":0,"href":"https:\/\/elinformante.mx\/index.php?rest_route=\/wp\/v2\/posts\/80459\/revisions"}],"wp:featuredmedia":[{"embeddable":true,"href":"https:\/\/elinformante.mx\/index.php?rest_route=\/wp\/v2\/media\/80460"}],"wp:attachment":[{"href":"https:\/\/elinformante.mx\/index.php?rest_route=%2Fwp%2Fv2%2Fmedia&parent=80459"}],"wp:term":[{"taxonomy":"category","embeddable":true,"href":"https:\/\/elinformante.mx\/index.php?rest_route=%2Fwp%2Fv2%2Fcategories&post=80459"},{"taxonomy":"post_tag","embeddable":true,"href":"https:\/\/elinformante.mx\/index.php?rest_route=%2Fwp%2Fv2%2Ftags&post=80459"}],"curies":[{"name":"wp","href":"https:\/\/api.w.org\/{rel}","templated":true}]}}