{"id":81243,"date":"2025-04-17T05:18:22","date_gmt":"2025-04-17T11:18:22","guid":{"rendered":"https:\/\/elinformante.mx\/?p=81243"},"modified":"2025-04-17T05:18:24","modified_gmt":"2025-04-17T11:18:24","slug":"se-lesiona-de-nuevo-neymar-quedara-fuera-de-las-canchas","status":"publish","type":"post","link":"https:\/\/elinformante.mx\/?p=81243","title":{"rendered":"Se lesiona de nuevo Neymar\u2026 quedar\u00e1 fuera de las canchas"},"content":{"rendered":"\n<figure class=\"wp-block-pullquote\"><blockquote><p>El brasile\u00f1o se mostr\u00f3 frustrado al tener que abandonar las canchas, adem\u00e1s de encender las alarmas en el equipo Santos.<\/p><\/blockquote><\/figure>\n\n\n\n<p class=\"has-drop-cap\">DDe nueva cuenta el futbolista brasile\u00f1o Neymar sufri\u00f3 una nueva lesi\u00f3n en su muslo izquierdo y tuvo que dejar el c\u00e9sped entre l\u00e1grimas, en el partido de la cuarta jornada del Brasileirao entre su equipo y el Atl\u00e9tico Mineiro.<br><\/p>\n\n\n\n<p>Neymar permaneci\u00f3 \u00fanicamente 34 minutos en el c\u00e9sped, antes de abandonarlo por una aparente lesi\u00f3n. Las c\u00e1maras de televisi\u00f3n captaron a Neymar con claras muestras de dolor tras el primer gol del Santos, en el minuto 24.<br><\/p>\n\n\n\n<p>El brasile\u00f1o de 33 a\u00f1os fue atendido y pidi\u00f3 permanecer en el c\u00e9sped, aunque minutos despu\u00e9s fue sustituido por el argentino Benjam\u00edn Rollheiser. En medio de l\u00e1grimas, Neymar fue muy aplaudido por su afici\u00f3n al dejar el terreno de juego.<br><\/p>\n\n\n\n<figure class=\"wp-block-image size-large\"><img fetchpriority=\"high\" decoding=\"async\" width=\"1024\" height=\"506\" src=\"https:\/\/elinformante.mx\/wp-content\/uploads\/2025\/04\/10neymar-1024x506.jpg\" alt=\"\" class=\"wp-image-81245\" srcset=\"https:\/\/elinformante.mx\/wp-content\/uploads\/2025\/04\/10neymar-1024x506.jpg 1024w, https:\/\/elinformante.mx\/wp-content\/uploads\/2025\/04\/10neymar-300x148.jpg 300w, https:\/\/elinformante.mx\/wp-content\/uploads\/2025\/04\/10neymar-768x379.jpg 768w, https:\/\/elinformante.mx\/wp-content\/uploads\/2025\/04\/10neymar.jpg 1140w\" sizes=\"(max-width: 1024px) 100vw, 1024px\" \/><\/figure>\n\n\n\n<p>Este era el primer partido de titular de Neymar en el Brasileirao, en el que se estren\u00f3 el domingo pasado disputando toda la segunda parte en el Maracan\u00e1 contra el Fluminense, con derrota por 1-0 y con una actuaci\u00f3n muy discreta del delantero.<br><\/p>\n\n\n\n<p>Neymar se lesion\u00f3 en su muslo izquierdo el 2 de marzo, en el partido de los Cuartos de Final del Campeonato Paulista contra el Bragantino. Debido a la lesi\u00f3n, el delantero se perdi\u00f3 las Semifinales del torneo y no pudo ir con su selecci\u00f3n para los partidos de clasificaci\u00f3n para el Mundial 2026 contra Colombia y Argentina.<br><\/p>\n\n\n\n<p>Contra el Atl\u00e9tico Mineiro, en los 34 minutos que jug\u00f3, Neymar dej\u00f3 algunos destellos de su clase, aunque entr\u00f3 muy poco en acci\u00f3n.<br><\/p>\n\n\n\n<p>El exjugador del Barcelona, PSG y Al-Hilal jug\u00f3 con el n\u00famero 100 al conmemorar contra el Atl\u00e9tico Mineiro su cent\u00e9simo partido con el Santos en la Vila Belmiro, el feudo del \u2018Peixe\u2019.<\/p>\n","protected":false},"excerpt":{"rendered":"<p>El brasile\u00f1o se mostr\u00f3 frustrado al tener que abandonar las canchas, adem\u00e1s de encender las alarmas en el equipo Santos. DDe nueva cuenta el futbolista brasile\u00f1o Neymar sufri\u00f3 una nueva lesi\u00f3n en su muslo izquierdo y tuvo que dejar el c\u00e9sped entre l\u00e1grimas, en el partido de la cuarta jornada del Brasileirao entre su equipo [&hellip;]<\/p>\n","protected":false},"author":1,"featured_media":81244,"comment_status":"closed","ping_status":"closed","sticky":false,"template":"","format":"standard","meta":{"footnotes":""},"categories":[38],"tags":[],"class_list":["post-81243","post","type-post","status-publish","format-standard","has-post-thumbnail","hentry","category-deportes"],"_links":{"self":[{"href":"https:\/\/elinformante.mx\/index.php?rest_route=\/wp\/v2\/posts\/81243","targetHints":{"allow":["GET"]}}],"collection":[{"href":"https:\/\/elinformante.mx\/index.php?rest_route=\/wp\/v2\/posts"}],"about":[{"href":"https:\/\/elinformante.mx\/index.php?rest_route=\/wp\/v2\/types\/post"}],"author":[{"embeddable":true,"href":"https:\/\/elinformante.mx\/index.php?rest_route=\/wp\/v2\/users\/1"}],"replies":[{"embeddable":true,"href":"https:\/\/elinformante.mx\/index.php?rest_route=%2Fwp%2Fv2%2Fcomments&post=81243"}],"version-history":[{"count":0,"href":"https:\/\/elinformante.mx\/index.php?rest_route=\/wp\/v2\/posts\/81243\/revisions"}],"wp:featuredmedia":[{"embeddable":true,"href":"https:\/\/elinformante.mx\/index.php?rest_route=\/wp\/v2\/media\/81244"}],"wp:attachment":[{"href":"https:\/\/elinformante.mx\/index.php?rest_route=%2Fwp%2Fv2%2Fmedia&parent=81243"}],"wp:term":[{"taxonomy":"category","embeddable":true,"href":"https:\/\/elinformante.mx\/index.php?rest_route=%2Fwp%2Fv2%2Fcategories&post=81243"},{"taxonomy":"post_tag","embeddable":true,"href":"https:\/\/elinformante.mx\/index.php?rest_route=%2Fwp%2Fv2%2Ftags&post=81243"}],"curies":[{"name":"wp","href":"https:\/\/api.w.org\/{rel}","templated":true}]}}