{"id":81270,"date":"2025-04-17T06:00:49","date_gmt":"2025-04-17T12:00:49","guid":{"rendered":"https:\/\/elinformante.mx\/?p=81270"},"modified":"2025-04-17T06:01:49","modified_gmt":"2025-04-17T12:01:49","slug":"el-64-de-los-mexiquenses-aprueban-la-prohibicion-de-narcocorridos-en-la-entidad","status":"publish","type":"post","link":"https:\/\/elinformante.mx\/?p=81270","title":{"rendered":"El 64% de los mexiquenses aprueban la prohibici\u00f3n de narcocorridos en la entidad"},"content":{"rendered":"\n<figure class=\"wp-block-pullquote\"><blockquote><p>El el sondeo los mexiquenses comentaron que este tipo de m\u00fasica tiene influencias negativas en la poblaci\u00f3n.<\/p><\/blockquote><\/figure>\n\n\n\n<p class=\"has-drop-cap\">Mediante una serie de encuestas se ha podido determinar que la mayor\u00eda de los mexiquenses est\u00e1 de acuerdo con la prohibici\u00f3n de narcocorridos y canciones que promuevan la violencia en espacios p\u00fablicos, as\u00ed se pudo observar en la encuesta por Enkoll.<br><\/p>\n\n\n\n<p>Se percibi\u00f3 en el sondeo, que tras los hechos ocurridos en la Feria Internacional del Caballo Texcoco 2025, donde hubo actos violentos en el palenque, cuando un artista se neg\u00f3 a interpretar narcocorridos durante su presentaci\u00f3n; los mexiquenses se mostraron sorprendidos, pero mencionaron que era obvio, pues este tipo de m\u00fasica tiene influencias negativas en la poblaci\u00f3n.<br><\/p>\n\n\n\n<figure class=\"wp-block-image size-large\"><img fetchpriority=\"high\" decoding=\"async\" width=\"1024\" height=\"506\" src=\"https:\/\/elinformante.mx\/wp-content\/uploads\/2025\/04\/6narco-1024x506.jpg\" alt=\"\" class=\"wp-image-81272\" srcset=\"https:\/\/elinformante.mx\/wp-content\/uploads\/2025\/04\/6narco-1024x506.jpg 1024w, https:\/\/elinformante.mx\/wp-content\/uploads\/2025\/04\/6narco-300x148.jpg 300w, https:\/\/elinformante.mx\/wp-content\/uploads\/2025\/04\/6narco-768x379.jpg 768w, https:\/\/elinformante.mx\/wp-content\/uploads\/2025\/04\/6narco.jpg 1140w\" sizes=\"(max-width: 1024px) 100vw, 1024px\" \/><\/figure>\n\n\n\n<p>El 63% de los encuestados afirm\u00f3 estar enterado de los hechos ocurridos en la feria, mientras que el 37% dijo no tener conocimiento del tema.<br><\/p>\n\n\n\n<p>Tras dar a conocer las autoridades que se prohibir\u00eda este tipo de m\u00fasica en palenques, ferias, conciertos y presentaciones en vivo, el 64% de los consultados se manifest\u00f3 a favor, el 24% en contra, el 11% se mostr\u00f3 neutral, y el 2% no respondi\u00f3.<br><\/p>\n\n\n\n<figure class=\"wp-block-image size-large\"><img decoding=\"async\" width=\"1024\" height=\"506\" src=\"https:\/\/elinformante.mx\/wp-content\/uploads\/2025\/04\/6narco-002-1024x506.jpg\" alt=\"\" class=\"wp-image-81273\" srcset=\"https:\/\/elinformante.mx\/wp-content\/uploads\/2025\/04\/6narco-002-1024x506.jpg 1024w, https:\/\/elinformante.mx\/wp-content\/uploads\/2025\/04\/6narco-002-300x148.jpg 300w, https:\/\/elinformante.mx\/wp-content\/uploads\/2025\/04\/6narco-002-768x379.jpg 768w, https:\/\/elinformante.mx\/wp-content\/uploads\/2025\/04\/6narco-002.jpg 1140w\" sizes=\"(max-width: 1024px) 100vw, 1024px\" \/><\/figure>\n\n\n\n<p>Tambi\u00e9n se les cuestion\u00f3 que si estaban a favor de que todo el Estado de M\u00e9xico deber\u00eda prohibir esta m\u00fasica, que promueve la idealizaci\u00f3n de criminales, como los narcotraficantes, el 64% se mostr\u00f3 de acuerdo.<br><\/p>\n\n\n\n<p>Adem\u00e1s se\u00f1alaron que las autoridades municipales donde se celebran este tipo de eventos deben ser las responsables de aplicar las restricciones correspondientes.<\/p>\n\n\n\n<figure class=\"wp-block-image size-large\"><img decoding=\"async\" width=\"1024\" height=\"506\" src=\"https:\/\/elinformante.mx\/wp-content\/uploads\/2025\/04\/6narco-4-1024x506.jpg\" alt=\"\" class=\"wp-image-81274\" srcset=\"https:\/\/elinformante.mx\/wp-content\/uploads\/2025\/04\/6narco-4-1024x506.jpg 1024w, https:\/\/elinformante.mx\/wp-content\/uploads\/2025\/04\/6narco-4-300x148.jpg 300w, https:\/\/elinformante.mx\/wp-content\/uploads\/2025\/04\/6narco-4-768x379.jpg 768w, https:\/\/elinformante.mx\/wp-content\/uploads\/2025\/04\/6narco-4.jpg 1140w\" sizes=\"(max-width: 1024px) 100vw, 1024px\" \/><\/figure>\n","protected":false},"excerpt":{"rendered":"<p>El el sondeo los mexiquenses comentaron que este tipo de m\u00fasica tiene influencias negativas en la poblaci\u00f3n. Mediante una serie de encuestas se ha podido determinar que la mayor\u00eda de los mexiquenses est\u00e1 de acuerdo con la prohibici\u00f3n de narcocorridos y canciones que promuevan la violencia en espacios p\u00fablicos, as\u00ed se pudo observar en la [&hellip;]<\/p>\n","protected":false},"author":1,"featured_media":81271,"comment_status":"closed","ping_status":"closed","sticky":false,"template":"","format":"standard","meta":{"footnotes":""},"categories":[30,36,31],"tags":[47],"class_list":["post-81270","post","type-post","status-publish","format-standard","has-post-thumbnail","hentry","category-destacado","category-edomex","category-portada","tag-portadanacional"],"_links":{"self":[{"href":"https:\/\/elinformante.mx\/index.php?rest_route=\/wp\/v2\/posts\/81270","targetHints":{"allow":["GET"]}}],"collection":[{"href":"https:\/\/elinformante.mx\/index.php?rest_route=\/wp\/v2\/posts"}],"about":[{"href":"https:\/\/elinformante.mx\/index.php?rest_route=\/wp\/v2\/types\/post"}],"author":[{"embeddable":true,"href":"https:\/\/elinformante.mx\/index.php?rest_route=\/wp\/v2\/users\/1"}],"replies":[{"embeddable":true,"href":"https:\/\/elinformante.mx\/index.php?rest_route=%2Fwp%2Fv2%2Fcomments&post=81270"}],"version-history":[{"count":0,"href":"https:\/\/elinformante.mx\/index.php?rest_route=\/wp\/v2\/posts\/81270\/revisions"}],"wp:featuredmedia":[{"embeddable":true,"href":"https:\/\/elinformante.mx\/index.php?rest_route=\/wp\/v2\/media\/81271"}],"wp:attachment":[{"href":"https:\/\/elinformante.mx\/index.php?rest_route=%2Fwp%2Fv2%2Fmedia&parent=81270"}],"wp:term":[{"taxonomy":"category","embeddable":true,"href":"https:\/\/elinformante.mx\/index.php?rest_route=%2Fwp%2Fv2%2Fcategories&post=81270"},{"taxonomy":"post_tag","embeddable":true,"href":"https:\/\/elinformante.mx\/index.php?rest_route=%2Fwp%2Fv2%2Ftags&post=81270"}],"curies":[{"name":"wp","href":"https:\/\/api.w.org\/{rel}","templated":true}]}}