{"id":81276,"date":"2025-04-17T06:06:54","date_gmt":"2025-04-17T12:06:54","guid":{"rendered":"https:\/\/elinformante.mx\/?p=81276"},"modified":"2025-04-17T06:06:56","modified_gmt":"2025-04-17T12:06:56","slug":"viacrucis-de-iztapalapa-sera-monitoreado-con-mas-de-13-mil-camaras","status":"publish","type":"post","link":"https:\/\/elinformante.mx\/?p=81276","title":{"rendered":"Viacrucis de Iztapalapa ser\u00e1 monitoreado con m\u00e1s de 13 mil c\u00e1maras"},"content":{"rendered":"\n<figure class=\"wp-block-pullquote\"><blockquote><p>Se tiene contemplado usar m\u00e1s de 13,139 c\u00e1maras por parte del C5.<\/p><\/blockquote><\/figure>\n\n\n\n<p class=\"has-drop-cap\">Informaron que en la CDMX se tendr\u00e1n a disposici\u00f3n m\u00e1s de 13 mil c\u00e1maras de videovigilancia para resguardar a la poblaci\u00f3n que acuda a apreciar la 182 \u201cRepresentaci\u00f3n de la Pasi\u00f3n de Cristo\u201c en las calles de la alcald\u00eda Iztapalapa.<br><\/p>\n\n\n\n<p>El C5 tendr\u00e1 a su disposici\u00f3n 13 mil 139 c\u00e1maras desplegadas en Iztapalapa, y, se sumar\u00e1n m\u00e1s el refuerzo al operativo de vigilancia con el C2 M\u00f3vil en el Cerro de la Estrella.<br><\/p>\n\n\n\n<p>La operaci\u00f3n del C2M ser\u00e1 ejecutada con c\u00e1maras desplegables que permiten el monitoreo en lugares de dif\u00edcil acceso y el env\u00edo de im\u00e1genes en tiempo real.<br><\/p>\n\n\n\n<p>El coordinador general del C5 mencion\u00f3 que el monitoreo de las c\u00e1maras permitir\u00e1 visualizar e identificar las concentraciones de personas, accesos y aforo, para prevenir y reaccionar de manera inmediata ante situaciones de riesgo o tentativas delictivas.<br><\/p>\n\n\n\n<figure class=\"wp-block-image size-large\"><img fetchpriority=\"high\" decoding=\"async\" width=\"1024\" height=\"506\" src=\"https:\/\/elinformante.mx\/wp-content\/uploads\/2025\/04\/4viacrucis-2-1024x506.jpg\" alt=\"\" class=\"wp-image-81279\" srcset=\"https:\/\/elinformante.mx\/wp-content\/uploads\/2025\/04\/4viacrucis-2-1024x506.jpg 1024w, https:\/\/elinformante.mx\/wp-content\/uploads\/2025\/04\/4viacrucis-2-300x148.jpg 300w, https:\/\/elinformante.mx\/wp-content\/uploads\/2025\/04\/4viacrucis-2-768x379.jpg 768w, https:\/\/elinformante.mx\/wp-content\/uploads\/2025\/04\/4viacrucis-2.jpg 1140w\" sizes=\"(max-width: 1024px) 100vw, 1024px\" \/><\/figure>\n\n\n\n<p>Adem\u00e1s a\u00f1adi\u00f3 que la cultura de la prevenci\u00f3n es clave para contribuir, desde lo comunitario, con el dispositivo institucional instruido por la Jefa de Gobierno, Clara Brugada.<br><\/p>\n\n\n\n<p>El C5 emiti\u00f3 recomendaciones para quienes asistir\u00e1n a dichas celebraciones, como establecer puntos de reuni\u00f3n con los acompa\u00f1antes, sobre todo si son menores de edad, que deber\u00e1n llevar de preferencia una pulsera con nombre, tel\u00e9fono de contacto y alg\u00fan dato m\u00e9dico relevante, esto por si se presentar\u00e1 un caso de extrav\u00edo o evacuaci\u00f3n.<br><\/p>\n\n\n\n<p>Adem\u00e1s se se\u00f1al\u00f3 que de preferencia se debe tomar una fotograf\u00eda reciente del menor que los acompa\u00f1e como referencia en caso de extrav\u00edo; revisar la carga de la bater\u00eda del celular antes de acudir al evento, y utilizar gorra o alguna protecci\u00f3n contra el Sol.<br><\/p>\n\n\n\n<p>En caso de que ocurra alg\u00fan extrav\u00edo, el C2 M\u00f3vil apoyar\u00e1 con \u00e9l voceo de la persona y activa un protocolo de b\u00fasqueda coordinado con unidades policiales.<\/p>\n","protected":false},"excerpt":{"rendered":"<p>Se tiene contemplado usar m\u00e1s de 13,139 c\u00e1maras por parte del C5. Informaron que en la CDMX se tendr\u00e1n a disposici\u00f3n m\u00e1s de 13 mil c\u00e1maras de videovigilancia para resguardar a la poblaci\u00f3n que acuda a apreciar la 182 \u201cRepresentaci\u00f3n de la Pasi\u00f3n de Cristo\u201c en las calles de la alcald\u00eda Iztapalapa. El C5 tendr\u00e1 [&hellip;]<\/p>\n","protected":false},"author":1,"featured_media":81278,"comment_status":"closed","ping_status":"closed","sticky":false,"template":"","format":"standard","meta":{"footnotes":""},"categories":[35],"tags":[],"class_list":["post-81276","post","type-post","status-publish","format-standard","has-post-thumbnail","hentry","category-cdmx"],"_links":{"self":[{"href":"https:\/\/elinformante.mx\/index.php?rest_route=\/wp\/v2\/posts\/81276","targetHints":{"allow":["GET"]}}],"collection":[{"href":"https:\/\/elinformante.mx\/index.php?rest_route=\/wp\/v2\/posts"}],"about":[{"href":"https:\/\/elinformante.mx\/index.php?rest_route=\/wp\/v2\/types\/post"}],"author":[{"embeddable":true,"href":"https:\/\/elinformante.mx\/index.php?rest_route=\/wp\/v2\/users\/1"}],"replies":[{"embeddable":true,"href":"https:\/\/elinformante.mx\/index.php?rest_route=%2Fwp%2Fv2%2Fcomments&post=81276"}],"version-history":[{"count":0,"href":"https:\/\/elinformante.mx\/index.php?rest_route=\/wp\/v2\/posts\/81276\/revisions"}],"wp:featuredmedia":[{"embeddable":true,"href":"https:\/\/elinformante.mx\/index.php?rest_route=\/wp\/v2\/media\/81278"}],"wp:attachment":[{"href":"https:\/\/elinformante.mx\/index.php?rest_route=%2Fwp%2Fv2%2Fmedia&parent=81276"}],"wp:term":[{"taxonomy":"category","embeddable":true,"href":"https:\/\/elinformante.mx\/index.php?rest_route=%2Fwp%2Fv2%2Fcategories&post=81276"},{"taxonomy":"post_tag","embeddable":true,"href":"https:\/\/elinformante.mx\/index.php?rest_route=%2Fwp%2Fv2%2Ftags&post=81276"}],"curies":[{"name":"wp","href":"https:\/\/api.w.org\/{rel}","templated":true}]}}