{"id":81281,"date":"2025-04-17T06:10:45","date_gmt":"2025-04-17T12:10:45","guid":{"rendered":"https:\/\/elinformante.mx\/?p=81281"},"modified":"2025-04-17T06:10:48","modified_gmt":"2025-04-17T12:10:48","slug":"clara-brugada-inaugura-la-19a-edicion-de-gran-remate-de-libros-discos-y-peliculas-en-cdmx","status":"publish","type":"post","link":"https:\/\/elinformante.mx\/?p=81281","title":{"rendered":"Clara Brugada inaugura la 19\u00aa edici\u00f3n de Gran Remate de Libros, Discos y Pel\u00edculas en CDMX"},"content":{"rendered":"\n<figure class=\"wp-block-pullquote\"><blockquote><p>Adem\u00e1s durante el acto que cont\u00f3 con 200 expositores, la jefa de gobierno convoc\u00f3 a realizar el \u201cLect\u00f3dromo\u201d m\u00e1s grande del mundo.<br><\/p><\/blockquote><\/figure>\n\n\n\n<p class=\"has-drop-cap\">La jefa de Gobierno, Clara Brugada Molina, inaugur\u00f3 la edici\u00f3n 19 del Gran Remate de Libros, Discos y Pel\u00edculas en el Monumento a la Revoluci\u00f3n, donde convoc\u00f3 a la ciudadan\u00eda a aprovechar esta gran oportunidad para adquirir ejemplares a precios accesibles.<br><\/p>\n\n\n\n<p>Adem\u00e1s invit\u00f3 a participar en la jornada de lectura masiva que se llevar\u00e1 a cabo el pr\u00f3ximo mi\u00e9rcoles 23 de abril en el Z\u00f3calo capitalino, con el objetivo de convertir la Plaza de la Constituci\u00f3n en el espacio de lectura m\u00e1s grande del mundo.<br><\/p>\n\n\n\n<p>\u201cConvoco a todos los capitalinos y capitalinas a realizar el gran \u2018lect\u00f3dromo\u2019, el m\u00e1s grande del mundo, en el Z\u00f3calo. Vamos a llenarlo con libros y a leer juntos\u201d, enfatiz\u00f3.<br><\/p>\n\n\n\n<p>En el marco del D\u00eda Internacional del Libro, la mandataria hizo un llamado a las familias para que asistan al Z\u00f3calo y disfruten de la lectura en comunidad, aprovechando los d\u00edas de descanso. Precis\u00f3 que la cita ser\u00e1 el pr\u00f3ximo mi\u00e9rcoles a las 11:00 horas, para llevar a cabo una gran lectura colectiva.<br><\/p>\n\n\n\n<figure class=\"wp-block-image size-large\"><img fetchpriority=\"high\" decoding=\"async\" width=\"1024\" height=\"506\" src=\"https:\/\/elinformante.mx\/wp-content\/uploads\/2025\/04\/4clara-1024x506.jpg\" alt=\"\" class=\"wp-image-81283\" srcset=\"https:\/\/elinformante.mx\/wp-content\/uploads\/2025\/04\/4clara-1024x506.jpg 1024w, https:\/\/elinformante.mx\/wp-content\/uploads\/2025\/04\/4clara-300x148.jpg 300w, https:\/\/elinformante.mx\/wp-content\/uploads\/2025\/04\/4clara-768x379.jpg 768w, https:\/\/elinformante.mx\/wp-content\/uploads\/2025\/04\/4clara.jpg 1140w\" sizes=\"(max-width: 1024px) 100vw, 1024px\" \/><\/figure>\n\n\n\n<p>Ante funcionarios y visitantes reunidos en la explanada del Monumento a la Revoluci\u00f3n, la Jefa de Gobierno invit\u00f3 a recorrer el Gran Remate, donde 217 expositores ofrecen libros, discos y pel\u00edculas a precios muy econ\u00f3micos, desde hoy y hasta el 20 de abril.<br><\/p>\n\n\n\n<p>Brugada Molina record\u00f3 que la Ciudad de M\u00e9xico es un referente hist\u00f3rico en el \u00e1mbito editorial, ya que aqu\u00ed se estableci\u00f3 la primera imprenta de Am\u00e9rica y se han producido obras de grandes autoras y autores como Sor Juana In\u00e9s de la Cruz, Juan Rulfo y Gabriel Garc\u00eda M\u00e1rquez.<br><\/p>\n\n\n\n<p>La mandataria capitalina subray\u00f3 que la lectura, la cultura, el arte, la m\u00fasica y el cine deben ser considerados derechos, no privilegios, y asegur\u00f3 que son pilares de una ciudad en transformaci\u00f3n porque \u201ccreemos que una ciudad que lee, piensa, dialoga, se vuelve m\u00e1s libre, cr\u00edtica y justa\u201d, expres\u00f3.<br><\/p>\n\n\n\n<p>Por su parte, la secretaria de Cultura de la Ciudad de M\u00e9xico, Ana Francis L\u00f3pez Bayghen, reconoci\u00f3 el trabajo de libreras, libreros, editoriales y de la sociedad civil que hacen posible esta iniciativa.<\/p>\n","protected":false},"excerpt":{"rendered":"<p>Adem\u00e1s durante el acto que cont\u00f3 con 200 expositores, la jefa de gobierno convoc\u00f3 a realizar el \u201cLect\u00f3dromo\u201d m\u00e1s grande del mundo. La jefa de Gobierno, Clara Brugada Molina, inaugur\u00f3 la edici\u00f3n 19 del Gran Remate de Libros, Discos y Pel\u00edculas en el Monumento a la Revoluci\u00f3n, donde convoc\u00f3 a la ciudadan\u00eda a aprovechar esta [&hellip;]<\/p>\n","protected":false},"author":1,"featured_media":81282,"comment_status":"closed","ping_status":"closed","sticky":false,"template":"","format":"standard","meta":{"footnotes":""},"categories":[35,30],"tags":[],"class_list":["post-81281","post","type-post","status-publish","format-standard","has-post-thumbnail","hentry","category-cdmx","category-destacado"],"_links":{"self":[{"href":"https:\/\/elinformante.mx\/index.php?rest_route=\/wp\/v2\/posts\/81281","targetHints":{"allow":["GET"]}}],"collection":[{"href":"https:\/\/elinformante.mx\/index.php?rest_route=\/wp\/v2\/posts"}],"about":[{"href":"https:\/\/elinformante.mx\/index.php?rest_route=\/wp\/v2\/types\/post"}],"author":[{"embeddable":true,"href":"https:\/\/elinformante.mx\/index.php?rest_route=\/wp\/v2\/users\/1"}],"replies":[{"embeddable":true,"href":"https:\/\/elinformante.mx\/index.php?rest_route=%2Fwp%2Fv2%2Fcomments&post=81281"}],"version-history":[{"count":0,"href":"https:\/\/elinformante.mx\/index.php?rest_route=\/wp\/v2\/posts\/81281\/revisions"}],"wp:featuredmedia":[{"embeddable":true,"href":"https:\/\/elinformante.mx\/index.php?rest_route=\/wp\/v2\/media\/81282"}],"wp:attachment":[{"href":"https:\/\/elinformante.mx\/index.php?rest_route=%2Fwp%2Fv2%2Fmedia&parent=81281"}],"wp:term":[{"taxonomy":"category","embeddable":true,"href":"https:\/\/elinformante.mx\/index.php?rest_route=%2Fwp%2Fv2%2Fcategories&post=81281"},{"taxonomy":"post_tag","embeddable":true,"href":"https:\/\/elinformante.mx\/index.php?rest_route=%2Fwp%2Fv2%2Ftags&post=81281"}],"curies":[{"name":"wp","href":"https:\/\/api.w.org\/{rel}","templated":true}]}}