{"id":81288,"date":"2025-04-17T06:14:05","date_gmt":"2025-04-17T12:14:05","guid":{"rendered":"https:\/\/elinformante.mx\/?p=81288"},"modified":"2025-04-17T06:14:07","modified_gmt":"2025-04-17T12:14:07","slug":"aparece-sheinbaum-en-la-lista-de-los-100-lideres-de-time","status":"publish","type":"post","link":"https:\/\/elinformante.mx\/?p=81288","title":{"rendered":"Aparece Sheinbaum en la lista de los 100 l\u00edderes de TIME"},"content":{"rendered":"\n<figure class=\"wp-block-pullquote\"><blockquote><p>La presidenta de M\u00e9xico se encuentra junto a otras dos personalidades de Latinoam\u00e9rica, la lideresa de la oposici\u00f3n venezolana Mar\u00eda Corina Machado, y el presidente de Argentina, Javier Milei.<\/p><\/blockquote><\/figure>\n\n\n\n<p class=\"has-drop-cap\">Tras aparecer en la lista de las 100 personas m\u00e1s influyentes del mundo de la revista estadounidense TIME, la presidenta Claudia Sheinbaum expres\u00f3 que a pesar de la distinci\u00f3n, tiene los \u201cpies en la tierra\u201d.<br><\/p>\n\n\n\n<p>Sostuvo: \u201cHay que tener siempre los pies en la tierra y asumir que, si uno hace un trabajo que est\u00e1 a la altura del pueblo de M\u00e9xico, porque el pueblo de M\u00e9xico es lo mejor que hay, es gracias a este v\u00ednculo que tenemos con nuestro movimiento, con la historia y con el pueblo\u201d, declar\u00f3 la mandataria en su rueda de prensa matutina.<br><\/p>\n\n\n\n<p>La presidenta Sheinbaum figur\u00f3 en la secci\u00f3n de L\u00edderes junto a otras dos personalidades de Latinoam\u00e9rica, la lideresa de la oposici\u00f3n venezolana Mar\u00eda Corina Machado, y el presidente de Argentina, Javier Milei.<br><\/p>\n\n\n\n<p>En el texto se puede leer la descripci\u00f3n, en donde se describe a Claudia Sheinbaum como una l\u00edder de cabeza fr\u00eda, adem\u00e1s resalta su aproximaci\u00f3n a las negociaciones transfronterizas, hechos que la han llevado a ganarse un respeto a rega\u00f1adientes del presidente de Estados Unidos, Donald Trump.<br><\/p>\n\n\n\n<p>En el texto escrito por Jorge Ramos, este advierte que Sheinbaum afronta dos retos: la violencia de los narcotraficantes y los instintos expansionistas de Trump, quien ha puesto aranceles a M\u00e9xico al citar el tr\u00e1fico de drogas y migrantes en la frontera.<br><\/p>\n\n\n\n<p>Se\u00f1alan que la presidenta ha figurado en medios internacionales como The Wall Street Journal, Financial Times y The New York Times por c\u00f3mo ha manejado su relaci\u00f3n con Trump, atribuy\u00f3 el reconocimiento a sus valores, como no traicionar y ser honesta siempre.<br><\/p>\n\n\n\n<p>Sin embargo Sheinbaum reitera que estos reconocimientos, m\u00e1s que a su persona, son al pueblo de M\u00e9xico.<br><\/p>\n\n\n\n<p>Tambi\u00e9n se puede observar que en la secci\u00f3n de l\u00edderes aparecen la espa\u00f1ola Teresa Ribera, vicepresidenta ejecutiva para una Transici\u00f3n Limpia, Justa y Competitiva de la Uni\u00f3n Europea; el presidente Trump, el primer ministro de Reino Unido, Keir Starmer; el magnate Elon Musk, y el pr\u00f3ximo canciller de Alemania, Friedrich Merz.<\/p>\n","protected":false},"excerpt":{"rendered":"<p>La presidenta de M\u00e9xico se encuentra junto a otras dos personalidades de Latinoam\u00e9rica, la lideresa de la oposici\u00f3n venezolana Mar\u00eda Corina Machado, y el presidente de Argentina, Javier Milei. Tras aparecer en la lista de las 100 personas m\u00e1s influyentes del mundo de la revista estadounidense TIME, la presidenta Claudia Sheinbaum expres\u00f3 que a pesar [&hellip;]<\/p>\n","protected":false},"author":1,"featured_media":81289,"comment_status":"closed","ping_status":"closed","sticky":false,"template":"","format":"standard","meta":{"footnotes":""},"categories":[30,34],"tags":[],"class_list":["post-81288","post","type-post","status-publish","format-standard","has-post-thumbnail","hentry","category-destacado","category-nacional"],"_links":{"self":[{"href":"https:\/\/elinformante.mx\/index.php?rest_route=\/wp\/v2\/posts\/81288","targetHints":{"allow":["GET"]}}],"collection":[{"href":"https:\/\/elinformante.mx\/index.php?rest_route=\/wp\/v2\/posts"}],"about":[{"href":"https:\/\/elinformante.mx\/index.php?rest_route=\/wp\/v2\/types\/post"}],"author":[{"embeddable":true,"href":"https:\/\/elinformante.mx\/index.php?rest_route=\/wp\/v2\/users\/1"}],"replies":[{"embeddable":true,"href":"https:\/\/elinformante.mx\/index.php?rest_route=%2Fwp%2Fv2%2Fcomments&post=81288"}],"version-history":[{"count":0,"href":"https:\/\/elinformante.mx\/index.php?rest_route=\/wp\/v2\/posts\/81288\/revisions"}],"wp:featuredmedia":[{"embeddable":true,"href":"https:\/\/elinformante.mx\/index.php?rest_route=\/wp\/v2\/media\/81289"}],"wp:attachment":[{"href":"https:\/\/elinformante.mx\/index.php?rest_route=%2Fwp%2Fv2%2Fmedia&parent=81288"}],"wp:term":[{"taxonomy":"category","embeddable":true,"href":"https:\/\/elinformante.mx\/index.php?rest_route=%2Fwp%2Fv2%2Fcategories&post=81288"},{"taxonomy":"post_tag","embeddable":true,"href":"https:\/\/elinformante.mx\/index.php?rest_route=%2Fwp%2Fv2%2Ftags&post=81288"}],"curies":[{"name":"wp","href":"https:\/\/api.w.org\/{rel}","templated":true}]}}