{"id":81291,"date":"2025-04-17T06:22:12","date_gmt":"2025-04-17T12:22:12","guid":{"rendered":"https:\/\/elinformante.mx\/?p=81291"},"modified":"2025-04-17T06:22:13","modified_gmt":"2025-04-17T12:22:13","slug":"romper-moldes-abrir-caminos","status":"publish","type":"post","link":"https:\/\/elinformante.mx\/?p=81291","title":{"rendered":"ROMPER MOLDES, ABRIR CAMINOS"},"content":{"rendered":"\n<figure class=\"wp-block-pullquote\"><blockquote><p><strong>Por Rosalba Azucena Gil Mej\u00eda.<\/strong><\/p><\/blockquote><\/figure>\n\n\n\n<p class=\"has-drop-cap\">Durante d\u00e9cadas, muchas personas fueron educadas bajo ideas limitantes: \u201ceso no es para ti\u201d, \u201cno te corresponde\u201d, \u201cno vas a poder\u201d. A otras se les dijo: \u201cno llores\u201d, \u201cs\u00e9 fuerte\u201d, \u201cno te puedes equivocar\u201d. As\u00ed, se encajonaron sue\u00f1os, talentos y hasta emociones, en estereotipos que hoy, por fortuna, estamos aprendiendo a cuestionar e ir superando y venciendo.<br><\/p>\n\n\n\n<p>Cada vez que una ni\u00f1a levanta la mano con seguridad, cada vez que un ni\u00f1o expresa sus emociones sin miedo, cada vez que una persona asume una responsabilidad sin que su identidad o expresi\u00f3n de g\u00e9nero sea un obst\u00e1culo, estamos transformando una historia que durante mucho tiempo fue desigual.<br><\/p>\n\n\n\n<p>Romper estereotipos no es una moda: es un acto de justicia. Es reconocer que las oportunidades deben estar al alcance de todas y todos, sin importar su g\u00e9nero, identidad, origen o trayectoria. Implica dejar de ver lo distinto como una amenaza y empezar a verlo como una posibilidad.<br><\/p>\n\n\n\n<p>En el \u00e1mbito de la justicia, este cambio es urgente. Se necesitan instituciones que no reproduzcan prejuicios, sino que garanticen igualdad sustantiva. Se necesitan voces diversas, experiencias m\u00faltiples, personas preparadas y sensibles que comprendan que aplicar la ley no es repetir f\u00f3rmulas, sino actuar con \u00e9tica, humanidad y conciencia del contexto.<br><\/p>\n\n\n\n<p>Hoy, m\u00e1s que nunca, estamos invitados a construir una sociedad m\u00e1s justa e incluyente. Una en la que el talento no se mida por apariencias ni por expectativas tradicionales, sino por la preparaci\u00f3n, la \u00e9tica y el compromiso por el bien com\u00fan.<br><\/p>\n\n\n\n<p>El futuro que queremos se empieza a escribir con decisiones como esta: abrir espacios, romper muros, impulsar, confiar y acompa\u00f1ar. La justicia no puede ser plena mientras existan barreras para alguien. Y romper esas barreras es tarea colectiva.<\/p>\n","protected":false},"excerpt":{"rendered":"<p>Por Rosalba Azucena Gil Mej\u00eda. Durante d\u00e9cadas, muchas personas fueron educadas bajo ideas limitantes: \u201ceso no es para ti\u201d, \u201cno te corresponde\u201d, \u201cno vas a poder\u201d. A otras se les dijo: \u201cno llores\u201d, \u201cs\u00e9 fuerte\u201d, \u201cno te puedes equivocar\u201d. As\u00ed, se encajonaron sue\u00f1os, talentos y hasta emociones, en estereotipos que hoy, por fortuna, estamos aprendiendo [&hellip;]<\/p>\n","protected":false},"author":1,"featured_media":81292,"comment_status":"closed","ping_status":"closed","sticky":false,"template":"","format":"standard","meta":{"footnotes":""},"categories":[32],"tags":[],"class_list":["post-81291","post","type-post","status-publish","format-standard","has-post-thumbnail","hentry","category-editorial"],"_links":{"self":[{"href":"https:\/\/elinformante.mx\/index.php?rest_route=\/wp\/v2\/posts\/81291","targetHints":{"allow":["GET"]}}],"collection":[{"href":"https:\/\/elinformante.mx\/index.php?rest_route=\/wp\/v2\/posts"}],"about":[{"href":"https:\/\/elinformante.mx\/index.php?rest_route=\/wp\/v2\/types\/post"}],"author":[{"embeddable":true,"href":"https:\/\/elinformante.mx\/index.php?rest_route=\/wp\/v2\/users\/1"}],"replies":[{"embeddable":true,"href":"https:\/\/elinformante.mx\/index.php?rest_route=%2Fwp%2Fv2%2Fcomments&post=81291"}],"version-history":[{"count":0,"href":"https:\/\/elinformante.mx\/index.php?rest_route=\/wp\/v2\/posts\/81291\/revisions"}],"wp:featuredmedia":[{"embeddable":true,"href":"https:\/\/elinformante.mx\/index.php?rest_route=\/wp\/v2\/media\/81292"}],"wp:attachment":[{"href":"https:\/\/elinformante.mx\/index.php?rest_route=%2Fwp%2Fv2%2Fmedia&parent=81291"}],"wp:term":[{"taxonomy":"category","embeddable":true,"href":"https:\/\/elinformante.mx\/index.php?rest_route=%2Fwp%2Fv2%2Fcategories&post=81291"},{"taxonomy":"post_tag","embeddable":true,"href":"https:\/\/elinformante.mx\/index.php?rest_route=%2Fwp%2Fv2%2Ftags&post=81291"}],"curies":[{"name":"wp","href":"https:\/\/api.w.org\/{rel}","templated":true}]}}