{"id":81297,"date":"2025-04-17T06:28:49","date_gmt":"2025-04-17T12:28:49","guid":{"rendered":"https:\/\/elinformante.mx\/?p=81297"},"modified":"2025-04-17T06:28:52","modified_gmt":"2025-04-17T12:28:52","slug":"mantienen-comunicacion-el-secretario-de-la-defensa-nacional-y-el-general-del-comando-norte-de-usa","status":"publish","type":"post","link":"https:\/\/elinformante.mx\/?p=81297","title":{"rendered":"MANTIENEN COMUNICACI\u00d3N EL SECRETARIO DE LA DEFENSA NACIONAL Y EL GENERAL DEL COMANDO NORTE DE USA"},"content":{"rendered":"\n<figure class=\"wp-block-pullquote\"><blockquote><p>Durante la llamada el General Trevilla reconoci\u00f3 el esfuerzo que realizan las fuerzas armadas de ambos pa\u00edses.<\/p><\/blockquote><\/figure>\n\n\n\n<p class=\"has-drop-cap\">La Secretar\u00eda de la Defensa Nacional inform\u00f3 que el General Ricardo Trevilla Trejo, Secretario de la Defensa Nacional, atendi\u00f3 una videollamada que se realiz\u00f3 a solicitud del General Gregory M. Guillot, Comandante del Comando Norte de los Estados Unidos de Am\u00e9rica.<br><\/p>\n\n\n\n<p>Durante la llamada el General Trevilla reconoci\u00f3 el esfuerzo que realizan las fuerzas armadas de ambos pa\u00edses, en coordinaci\u00f3n con las autoridades civiles de cada naci\u00f3n, el cual se ve reflejado en los recientes resultados proporcionados por el Departamento de Seguridad Interna (DHS) de los E.U.A.<br><\/p>\n\n\n\n<figure class=\"wp-block-image size-large\"><img fetchpriority=\"high\" decoding=\"async\" width=\"1024\" height=\"506\" src=\"https:\/\/elinformante.mx\/wp-content\/uploads\/2025\/04\/7mantienen-2-1024x506.jpg\" alt=\"\" class=\"wp-image-81299\" srcset=\"https:\/\/elinformante.mx\/wp-content\/uploads\/2025\/04\/7mantienen-2-1024x506.jpg 1024w, https:\/\/elinformante.mx\/wp-content\/uploads\/2025\/04\/7mantienen-2-300x148.jpg 300w, https:\/\/elinformante.mx\/wp-content\/uploads\/2025\/04\/7mantienen-2-768x379.jpg 768w, https:\/\/elinformante.mx\/wp-content\/uploads\/2025\/04\/7mantienen-2.jpg 1140w\" sizes=\"(max-width: 1024px) 100vw, 1024px\" \/><\/figure>\n\n\n\n<p>Entre estos datos destacan el descenso del 97% en el n\u00famero de cruces ilegales de la frontera y el aumento del 59% en las incautaciones de municiones y piezas de armas, en comparaci\u00f3n con el mismo periodo del a\u00f1o pasado.<br><\/p>\n\n\n\n<p>Tambi\u00e9n se se\u00f1al\u00f3 una disminuci\u00f3n del 70% en el aseguramiento de fentanilo, con 20,000 libras de fentanilo, hero\u00edna y metanfetamina incautadas en total (45% de disminuci\u00f3n) en los \u00faltimos 90 d\u00edas.<br><\/p>\n\n\n\n<figure class=\"wp-block-image size-large\"><img decoding=\"async\" width=\"1024\" height=\"506\" src=\"https:\/\/elinformante.mx\/wp-content\/uploads\/2025\/04\/7mantienen-3-1024x506.jpg\" alt=\"\" class=\"wp-image-81300\" srcset=\"https:\/\/elinformante.mx\/wp-content\/uploads\/2025\/04\/7mantienen-3-1024x506.jpg 1024w, https:\/\/elinformante.mx\/wp-content\/uploads\/2025\/04\/7mantienen-3-300x148.jpg 300w, https:\/\/elinformante.mx\/wp-content\/uploads\/2025\/04\/7mantienen-3-768x379.jpg 768w, https:\/\/elinformante.mx\/wp-content\/uploads\/2025\/04\/7mantienen-3.jpg 1140w\" sizes=\"(max-width: 1024px) 100vw, 1024px\" \/><\/figure>\n\n\n\n<p>Durante la pl\u00e1tica, ambos militares abordaron temas como el fortalecimiento del adiestramiento militar e intercambio acad\u00e9mico que se realizan en el marco de los mecanismos de cooperaci\u00f3n existentes desde 2016, relacionados con la transmisi\u00f3n mutua de experiencias y procedimientos, en los que se privilegia el respeto a las soberan\u00edas de M\u00e9xico y de los Estados Unidos.<br><\/p>\n\n\n\n<p>Los militares reafirmaron que mantendr\u00e1n una comunicaci\u00f3n abierta, directa y de respeto rec\u00edproco que vigoriza la relaci\u00f3n bilateral militar y se traduce en un trabajo coordinado en provecho de las sociedades mexicana y estadounidense.<\/p>\n\n\n\n<figure class=\"wp-block-image size-large\"><img decoding=\"async\" width=\"1024\" height=\"506\" src=\"https:\/\/elinformante.mx\/wp-content\/uploads\/2025\/04\/7mantienen-4-op-1024x506.jpg\" alt=\"\" class=\"wp-image-81301\" srcset=\"https:\/\/elinformante.mx\/wp-content\/uploads\/2025\/04\/7mantienen-4-op-1024x506.jpg 1024w, https:\/\/elinformante.mx\/wp-content\/uploads\/2025\/04\/7mantienen-4-op-300x148.jpg 300w, https:\/\/elinformante.mx\/wp-content\/uploads\/2025\/04\/7mantienen-4-op-768x379.jpg 768w, https:\/\/elinformante.mx\/wp-content\/uploads\/2025\/04\/7mantienen-4-op.jpg 1140w\" sizes=\"(max-width: 1024px) 100vw, 1024px\" \/><\/figure>\n","protected":false},"excerpt":{"rendered":"<p>Durante la llamada el General Trevilla reconoci\u00f3 el esfuerzo que realizan las fuerzas armadas de ambos pa\u00edses. La Secretar\u00eda de la Defensa Nacional inform\u00f3 que el General Ricardo Trevilla Trejo, Secretario de la Defensa Nacional, atendi\u00f3 una videollamada que se realiz\u00f3 a solicitud del General Gregory M. Guillot, Comandante del Comando Norte de los Estados [&hellip;]<\/p>\n","protected":false},"author":1,"featured_media":81298,"comment_status":"closed","ping_status":"closed","sticky":false,"template":"","format":"standard","meta":{"footnotes":""},"categories":[30,34,31],"tags":[47],"class_list":["post-81297","post","type-post","status-publish","format-standard","has-post-thumbnail","hentry","category-destacado","category-nacional","category-portada","tag-portadanacional"],"_links":{"self":[{"href":"https:\/\/elinformante.mx\/index.php?rest_route=\/wp\/v2\/posts\/81297","targetHints":{"allow":["GET"]}}],"collection":[{"href":"https:\/\/elinformante.mx\/index.php?rest_route=\/wp\/v2\/posts"}],"about":[{"href":"https:\/\/elinformante.mx\/index.php?rest_route=\/wp\/v2\/types\/post"}],"author":[{"embeddable":true,"href":"https:\/\/elinformante.mx\/index.php?rest_route=\/wp\/v2\/users\/1"}],"replies":[{"embeddable":true,"href":"https:\/\/elinformante.mx\/index.php?rest_route=%2Fwp%2Fv2%2Fcomments&post=81297"}],"version-history":[{"count":0,"href":"https:\/\/elinformante.mx\/index.php?rest_route=\/wp\/v2\/posts\/81297\/revisions"}],"wp:featuredmedia":[{"embeddable":true,"href":"https:\/\/elinformante.mx\/index.php?rest_route=\/wp\/v2\/media\/81298"}],"wp:attachment":[{"href":"https:\/\/elinformante.mx\/index.php?rest_route=%2Fwp%2Fv2%2Fmedia&parent=81297"}],"wp:term":[{"taxonomy":"category","embeddable":true,"href":"https:\/\/elinformante.mx\/index.php?rest_route=%2Fwp%2Fv2%2Fcategories&post=81297"},{"taxonomy":"post_tag","embeddable":true,"href":"https:\/\/elinformante.mx\/index.php?rest_route=%2Fwp%2Fv2%2Ftags&post=81297"}],"curies":[{"name":"wp","href":"https:\/\/api.w.org\/{rel}","templated":true}]}}