{"id":81332,"date":"2025-04-21T05:11:48","date_gmt":"2025-04-21T11:11:48","guid":{"rendered":"https:\/\/elinformante.mx\/?p=81332"},"modified":"2025-04-21T05:11:49","modified_gmt":"2025-04-21T11:11:49","slug":"invitan-en-metepec-a-realizar-boda-comunitaria","status":"publish","type":"post","link":"https:\/\/elinformante.mx\/?p=81332","title":{"rendered":"Invitan en Metepec a realizar boda comunitaria"},"content":{"rendered":"\n<figure class=\"wp-block-pullquote\"><blockquote><p>Los interesados pueden registrarse en cualquier oficial\u00eda del municipio o al tel\u00e9fono 722-235-82-57.<\/p><\/blockquote><\/figure>\n\n\n\n<p class=\"has-drop-cap\">El presidente municipal de Metepec, Fernando Flores Fern\u00e1ndez, realiz\u00f3 una atenta invitaci\u00f3n para todas aquellas parejas que est\u00e1n pensando en casarse para que est\u00e9 pr\u00f3ximo s\u00e1bado 26 de abril den el \u00a1SI!.<br><\/p>\n\n\n\n<p>Se\u00f1al\u00f3 que se realizar\u00e1 una ceremonia de matrimonios comunitarios en Metepec, donde el ayuntamiento y el gobierno del Estado de M\u00e9xico te hacen una invitaci\u00f3n para realizar tu uni\u00f3n y darle la certeza jur\u00eddica de vivir en pareja.<br><\/p>\n\n\n\n<p>Invit\u00f3 a todos los interesados a registrarse en cualquier oficial\u00eda del municipio o al tel\u00e9fono 722-235-82-57.<br><\/p>\n\n\n\n<figure class=\"wp-block-image size-large\"><img fetchpriority=\"high\" decoding=\"async\" width=\"1024\" height=\"506\" src=\"https:\/\/elinformante.mx\/wp-content\/uploads\/2025\/04\/11INVITAN-3-1024x506.jpg\" alt=\"\" class=\"wp-image-81334\" srcset=\"https:\/\/elinformante.mx\/wp-content\/uploads\/2025\/04\/11INVITAN-3-1024x506.jpg 1024w, https:\/\/elinformante.mx\/wp-content\/uploads\/2025\/04\/11INVITAN-3-300x148.jpg 300w, https:\/\/elinformante.mx\/wp-content\/uploads\/2025\/04\/11INVITAN-3-768x379.jpg 768w, https:\/\/elinformante.mx\/wp-content\/uploads\/2025\/04\/11INVITAN-3.jpg 1140w\" sizes=\"(max-width: 1024px) 100vw, 1024px\" \/><\/figure>\n\n\n\n<p>Ser\u00e1 este s\u00e1bado 26 de abril a las 12:00 pm en la explanada de la Plaza Ju\u00e1rez donde se llevar\u00e1 a cabo la ceremonia, adem\u00e1s de que se tendr\u00e1 despu\u00e9s una peque\u00f1a celebraci\u00f3n para festejar esta uni\u00f3n responsable y con validez jur\u00eddica.<br><\/p>\n\n\n\n<p>Entre los requisitos para poder unirse legalmente se encuentran:<br><\/p>\n\n\n\n<p>-Ser residente de Metepec, adem\u00e1s de tener la mayor\u00eda de edad, presentar una copia certificada del acta de nacimiento, copia del INE actualizada, copia del CURP, adem\u00e1s de un certificado m\u00e9dico prenupcial, en caso de estar divorciado, presentar el acta de divorciado y si fuera alguno de los c\u00f3nyuges viudo, presentar el acta de defunci\u00f3n.<br><\/p>\n\n\n\n<p>Estos documentos deben ser de cada uno de los interesados.<\/p>\n\n\n\n<figure class=\"wp-block-image size-large\"><img decoding=\"async\" width=\"1024\" height=\"506\" src=\"https:\/\/elinformante.mx\/wp-content\/uploads\/2025\/04\/11INVITAN-2-1024x506.jpg\" alt=\"\" class=\"wp-image-81335\" srcset=\"https:\/\/elinformante.mx\/wp-content\/uploads\/2025\/04\/11INVITAN-2-1024x506.jpg 1024w, https:\/\/elinformante.mx\/wp-content\/uploads\/2025\/04\/11INVITAN-2-300x148.jpg 300w, https:\/\/elinformante.mx\/wp-content\/uploads\/2025\/04\/11INVITAN-2-768x379.jpg 768w, https:\/\/elinformante.mx\/wp-content\/uploads\/2025\/04\/11INVITAN-2.jpg 1140w\" sizes=\"(max-width: 1024px) 100vw, 1024px\" \/><\/figure>\n\n\n\n<p><\/p>\n","protected":false},"excerpt":{"rendered":"<p>Los interesados pueden registrarse en cualquier oficial\u00eda del municipio o al tel\u00e9fono 722-235-82-57. El presidente municipal de Metepec, Fernando Flores Fern\u00e1ndez, realiz\u00f3 una atenta invitaci\u00f3n para todas aquellas parejas que est\u00e1n pensando en casarse para que est\u00e9 pr\u00f3ximo s\u00e1bado 26 de abril den el \u00a1SI!. Se\u00f1al\u00f3 que se realizar\u00e1 una ceremonia de matrimonios comunitarios en [&hellip;]<\/p>\n","protected":false},"author":1,"featured_media":81333,"comment_status":"closed","ping_status":"closed","sticky":false,"template":"","format":"standard","meta":{"footnotes":""},"categories":[36],"tags":[],"class_list":["post-81332","post","type-post","status-publish","format-standard","has-post-thumbnail","hentry","category-edomex"],"_links":{"self":[{"href":"https:\/\/elinformante.mx\/index.php?rest_route=\/wp\/v2\/posts\/81332","targetHints":{"allow":["GET"]}}],"collection":[{"href":"https:\/\/elinformante.mx\/index.php?rest_route=\/wp\/v2\/posts"}],"about":[{"href":"https:\/\/elinformante.mx\/index.php?rest_route=\/wp\/v2\/types\/post"}],"author":[{"embeddable":true,"href":"https:\/\/elinformante.mx\/index.php?rest_route=\/wp\/v2\/users\/1"}],"replies":[{"embeddable":true,"href":"https:\/\/elinformante.mx\/index.php?rest_route=%2Fwp%2Fv2%2Fcomments&post=81332"}],"version-history":[{"count":0,"href":"https:\/\/elinformante.mx\/index.php?rest_route=\/wp\/v2\/posts\/81332\/revisions"}],"wp:featuredmedia":[{"embeddable":true,"href":"https:\/\/elinformante.mx\/index.php?rest_route=\/wp\/v2\/media\/81333"}],"wp:attachment":[{"href":"https:\/\/elinformante.mx\/index.php?rest_route=%2Fwp%2Fv2%2Fmedia&parent=81332"}],"wp:term":[{"taxonomy":"category","embeddable":true,"href":"https:\/\/elinformante.mx\/index.php?rest_route=%2Fwp%2Fv2%2Fcategories&post=81332"},{"taxonomy":"post_tag","embeddable":true,"href":"https:\/\/elinformante.mx\/index.php?rest_route=%2Fwp%2Fv2%2Ftags&post=81332"}],"curies":[{"name":"wp","href":"https:\/\/api.w.org\/{rel}","templated":true}]}}