{"id":81685,"date":"2025-04-24T05:38:04","date_gmt":"2025-04-24T11:38:04","guid":{"rendered":"https:\/\/elinformante.mx\/?p=81685"},"modified":"2025-04-24T05:38:07","modified_gmt":"2025-04-24T11:38:07","slug":"celebra-ieem-su-aniversario-29-reconociendo-a-su-personal","status":"publish","type":"post","link":"https:\/\/elinformante.mx\/?p=81685","title":{"rendered":"Celebra IEEM su Aniversario 29 reconociendo a su personal"},"content":{"rendered":"\n<figure class=\"wp-block-pullquote\"><blockquote><p>Durante la celebraci\u00f3n del Aniversario n\u00famero 29 del IEEM, se reconoci\u00f3 la trayectoria de servidoras y servidores p\u00fablicos electorales que tienen 10, 15, 20 y 25 a\u00f1os de servicio.<\/p><\/blockquote><\/figure>\n\n\n\n<p class=\"has-drop-cap\">En el marco del Vig\u00e9simo Noveno Aniversario del Instituto Electoral del Estado de M\u00e9xico (IEEM), la Consejera Presidenta, Amalia Pulido G\u00f3mez, afirm\u00f3 que es fundamental el valor del trabajo en equipo, en este instituto las personas nos necesitamos unas a otras en cada proceso electoral exitoso.<br><\/p>\n\n\n\n<p>\u201cCada acci\u00f3n institucional es posible debido a la colaboraci\u00f3n entre \u00e1reas; entre perfiles t\u00e9cnicos y operativos; entre juventudes y trayectorias consolidadas. Somos muchas manos; muchas voces; muchas voluntades unidas por un mismo prop\u00f3sito: garantizar el derecho de la ciudadan\u00eda a decidir libremente\u201d.<br><\/p>\n\n\n\n<p>Pulido G\u00f3mez encabez\u00f3 la ceremonia en la que se reconoci\u00f3 a 41 mujeres y hombres por sus 10, 15, 20 y 25 a\u00f1os de trayectoria laboral a quienes les record\u00f3 que se tiene por delante la elecci\u00f3n judicial, la cual ha implicado afrontar cambios en procesos ya sistematizados, como el dise\u00f1o y personalizaci\u00f3n de las boletas electorales; la b\u00fasqueda e instalaci\u00f3n de \u00f3rganos desconcentrados; la selecci\u00f3n de vocal\u00edas y el conteo de votos.<br><\/p>\n\n\n\n<p>Aunque, advirti\u00f3 que el aprendizaje a\u00fan no termina; el IEEM recurre al talento institucional para adaptarse a una elecci\u00f3n con nuevas reglas.<br><\/p>\n\n\n\n<p>Pulido G\u00f3mez asegur\u00f3 que en este d\u00eda no s\u00f3lo se conmemora la historia de la instituci\u00f3n, sino que tambi\u00e9n es una invitaci\u00f3n a reflexionar sobre el presente y el futuro de la vocaci\u00f3n democr\u00e1tica: \u201cCelebramos 29 a\u00f1os de trabajo constante comprometido y profesional en favor de la vida democr\u00e1tica del Estado de M\u00e9xico. Pero, m\u00e1s all\u00e1 de las fechas, conmemoramos el esfuerzo diario, la entrega y la pasi\u00f3n con la que cada una y cada uno de ustedes ha contribuido a fortalecer a esta instituci\u00f3n\u201d, expres\u00f3.<br><\/p>\n\n\n\n<p>Destac\u00f3 que la permanencia de las y los servidores p\u00fablicos representa una invaluable experiencia acumulada y es testimonio vivo de que la democracia tambi\u00e9n se enriquece con perseverancia y lealtad institucional.<br><\/p>\n\n\n\n<p>En representaci\u00f3n de las y los galardonados, V\u00edctor Hugo C\u00edntora Vilchis, Director de Organizaci\u00f3n del Instituto, extern\u00f3 su gratitud por este reconocimiento y dijo que este es un homenaje a la persistencia, a la vocaci\u00f3n de servicio en favor de la democracia. Enfatiz\u00f3 que es tambi\u00e9n una celebraci\u00f3n al esfuerzo colectivo que ha dado vida al Instituto.<br><\/p>\n\n\n\n<p>Por 10 a\u00f1os de labor ininterrumpida fueron reconocidas y reconocidos: Ana Laura L\u00f3pez Guti\u00e9rrez; Fabiola Ch\u00e1zaro Pe\u00f1a; Liliana Mart\u00ednez Garnica; Jenny Elizabeth Pichardo \u00c1vila; Marina S\u00e1nchez Esquivel; Lourdes Melinda Muci\u00f1o Ortiz; Mario Rojas Rodr\u00edguez; Eduardo Daniel Toledo Ch\u00e1vez; Francisco Augusto Fuentes Lemus; Benigno Mora Gonz\u00e1lez, y Laura Elena Cede\u00f1o Garc\u00eda.<br><\/p>\n\n\n\n<p>Por 15 a\u00f1os de trayectoria, recibieron reconocimiento: Aid\u00e9 Mej\u00eda Vences; Margarita Viridiana L\u00f3pez Enr\u00edquez; Diana Pacheco Mondrag\u00f3n; Jackeline Gabriela \u00c1lvarez Avil\u00e9s; Azael Salvador Delgado Espino; Ignacio Ortiz R\u00edos; Jos\u00e9 Armando Torres Ben\u00edtez; Fidel Vargas Landa, y Juan Carlos Vel\u00e1zquez G\u00f3mez.<br><\/p>\n\n\n\n<p>Con 20 a\u00f1os de servicio, fueron homenajeadas y homenajeados: Mar\u00eda Josefina Mercado P\u00e9rez; Eva Alejandra Zald\u00edvar P\u00e9rez; Marisol Aguilar Hern\u00e1ndez; Marcela Guadalupe Garc\u00eda L\u00f3pez; Raquel Villafa\u00f1a Reyes; Francisco Ruiz Esteves; Jos\u00e9 Luis Conzuelo Garc\u00eda; \u00d3scar Alejandro Bustamante D\u00e1vila; Jorge Armando Becerril S\u00e1nchez; H\u00e9ctor Alejandro Hern\u00e1ndez Loredo, y Erik Israel Jim\u00e9nez Lezama.<br><\/p>\n\n\n\n<p>Finalmente, con 25 a\u00f1os de trayectoria, se reconoci\u00f3 a: Araceli Hern\u00e1ndez Ram\u00edrez; Luz Mar\u00eda V\u00e1zquez G\u00f3mez; Maribel Gonz\u00e1lez S\u00e1nchez; C\u00e9sar David G\u00f3mez Moreno; Juan Jos\u00e9 Mat\u00edas Hern\u00e1ndez; Mario Alberto D\u00e1vila Torres; Alejandro Hern\u00e1ndez Arriaga, y V\u00edctor Hugo C\u00edntora Vilchis.<\/p>\n","protected":false},"excerpt":{"rendered":"<p>Durante la celebraci\u00f3n del Aniversario n\u00famero 29 del IEEM, se reconoci\u00f3 la trayectoria de servidoras y servidores p\u00fablicos electorales que tienen 10, 15, 20 y 25 a\u00f1os de servicio. En el marco del Vig\u00e9simo Noveno Aniversario del Instituto Electoral del Estado de M\u00e9xico (IEEM), la Consejera Presidenta, Amalia Pulido G\u00f3mez, afirm\u00f3 que es fundamental el [&hellip;]<\/p>\n","protected":false},"author":1,"featured_media":81686,"comment_status":"closed","ping_status":"closed","sticky":false,"template":"","format":"standard","meta":{"footnotes":""},"categories":[30,36],"tags":[],"class_list":["post-81685","post","type-post","status-publish","format-standard","has-post-thumbnail","hentry","category-destacado","category-edomex"],"_links":{"self":[{"href":"https:\/\/elinformante.mx\/index.php?rest_route=\/wp\/v2\/posts\/81685","targetHints":{"allow":["GET"]}}],"collection":[{"href":"https:\/\/elinformante.mx\/index.php?rest_route=\/wp\/v2\/posts"}],"about":[{"href":"https:\/\/elinformante.mx\/index.php?rest_route=\/wp\/v2\/types\/post"}],"author":[{"embeddable":true,"href":"https:\/\/elinformante.mx\/index.php?rest_route=\/wp\/v2\/users\/1"}],"replies":[{"embeddable":true,"href":"https:\/\/elinformante.mx\/index.php?rest_route=%2Fwp%2Fv2%2Fcomments&post=81685"}],"version-history":[{"count":0,"href":"https:\/\/elinformante.mx\/index.php?rest_route=\/wp\/v2\/posts\/81685\/revisions"}],"wp:featuredmedia":[{"embeddable":true,"href":"https:\/\/elinformante.mx\/index.php?rest_route=\/wp\/v2\/media\/81686"}],"wp:attachment":[{"href":"https:\/\/elinformante.mx\/index.php?rest_route=%2Fwp%2Fv2%2Fmedia&parent=81685"}],"wp:term":[{"taxonomy":"category","embeddable":true,"href":"https:\/\/elinformante.mx\/index.php?rest_route=%2Fwp%2Fv2%2Fcategories&post=81685"},{"taxonomy":"post_tag","embeddable":true,"href":"https:\/\/elinformante.mx\/index.php?rest_route=%2Fwp%2Fv2%2Ftags&post=81685"}],"curies":[{"name":"wp","href":"https:\/\/api.w.org\/{rel}","templated":true}]}}