{"id":81737,"date":"2025-04-24T06:16:40","date_gmt":"2025-04-24T12:16:40","guid":{"rendered":"https:\/\/elinformante.mx\/?p=81737"},"modified":"2025-04-24T06:16:54","modified_gmt":"2025-04-24T12:16:54","slug":"mara-lezama-distribuyo-tarjetas-y-paquetes-alimentarios-del-programa-comemos-tods","status":"publish","type":"post","link":"https:\/\/elinformante.mx\/?p=81737","title":{"rendered":"Mara Lezama distribuy\u00f3 tarjetas y paquetes alimentarios del programa \u201cComemos Tod@s\u201d"},"content":{"rendered":"\n<figure class=\"wp-block-pullquote\"><blockquote><p>Las y los beneficiarios recibir\u00e1n un paquete alimentario y un apoyo econ\u00f3mico de 1,420 pesos de manera bimestral e intercaladamente<\/p><\/blockquote><\/figure>\n\n\n\n<p class=\"has-drop-cap\">\u201cComer bien, alimentarse, es un derecho y el bienestar empieza en la cocina, en las mesas, en el plato que se sirve todos los d\u00edas. No hay paz sin familias fuertes, y no puede haber un estado justo si hay ni\u00f1as, ni\u00f1os, seres humanos que se van a dormir con el est\u00f3mago vac\u00edo\u201d, expres\u00f3 la gobernadora Mara Lezama Espinosa al entregar tarjetas y paquetes alimentarios del programa \u201cComemos Tod@s\u201d en Benito Ju\u00e1rez.<br><\/p>\n\n\n\n<p>En la unidad deportiva \u201cToro Valenzuela\u201d de Canc\u00fan, la gobernadora Mara Lezama, acompa\u00f1ada de la presidenta honoraria del DIF Quintana Roo, Ver\u00f3nica Lezama Espinosa, y del titular de la SEBIEN, Pablo Bustamante, entreg\u00f3 700 tarjetas y paquetes alimentarios a beneficiarias y beneficiarios de este programa.<br><\/p>\n\n\n\n<p>A trav\u00e9s de \u201cComemos Tod@s\u201d las familias reciben un paquete alimentario con 19 art\u00edculos de 12 productos de la canasta b\u00e1sica, y un apoyo econ\u00f3mico de 1,420 pesos de manera bimestral e intercaladamente, siendo un total de 5 apoyos alimentarios y 5 dispersiones al a\u00f1o.<br><\/p>\n\n\n\n<p>La gobernadora Mara Lezama explic\u00f3 que este programa surge del objetivo claro, de abatir el rezago alimentario, que ning\u00fan ni\u00f1o, ninguna ni\u00f1a se vaya a dormir y no haya probado alimento, que una madre, ning\u00fan padre est\u00e9 agobiado porque a sus hijos, sus hijas, les va a doler el est\u00f3mago porque no han probado alimento.<br><\/p>\n\n\n\n<figure class=\"wp-block-image size-large\"><img fetchpriority=\"high\" decoding=\"async\" width=\"1024\" height=\"506\" src=\"https:\/\/elinformante.mx\/wp-content\/uploads\/2025\/04\/4mara-3-1-1024x506.jpg\" alt=\"\" class=\"wp-image-81739\" srcset=\"https:\/\/elinformante.mx\/wp-content\/uploads\/2025\/04\/4mara-3-1-1024x506.jpg 1024w, https:\/\/elinformante.mx\/wp-content\/uploads\/2025\/04\/4mara-3-1-300x148.jpg 300w, https:\/\/elinformante.mx\/wp-content\/uploads\/2025\/04\/4mara-3-1-768x379.jpg 768w, https:\/\/elinformante.mx\/wp-content\/uploads\/2025\/04\/4mara-3-1.jpg 1140w\" sizes=\"(max-width: 1024px) 100vw, 1024px\" \/><\/figure>\n\n\n\n<p>Record\u00f3 que esto es posible porque este gobierno humanista con coraz\u00f3n feminista tiene a las personas en el centro de las decisiones, porque combate la corrupci\u00f3n y destina el dinero del pueblo al programa social m\u00e1s grande en la historia, lo que antes iba a parar al bolsillo de unos cuantos.<br><\/p>\n\n\n\n<p>La Gobernadora agradeci\u00f3 el trabajo de todas y todos quienes hacen posible este gran programa, a la Agencia de Seguridad Alimentaria, a la Secretar\u00eda del Bienestar, a quienes empacan, entregan, registran y hacen hasta lo imposible para que este apoyo llegue de manera directa a manos de las y los beneficiarios.<br><\/p>\n\n\n\n<p>El secretario de Bienestar, Pablo Bustamante, inform\u00f3 que este a\u00f1o son un total de 57 mil beneficiarios distribuidos en los 11 municipios del estado, mujeres y hombres encargados del hogar, que tienen hijas o hijos a su cargo o a su cuidado, personas de la tercera edad, familiares con enfermedades cr\u00f3nico degenerativas o con alguna discapacidad.<br><\/p>\n\n\n\n<p>Cabe se\u00f1alar que la entrega de los apoyos se lleva a cabo de manera simult\u00e1nea en los municipios de Benito Ju\u00e1rez, Playa del Carmen y Felipe Carrillo Puerto, en un horario de 9 de la ma\u00f1ana a 5 de la tarde; los beneficiarios pueden consultar los lugares de entrega en el portal https:\/\/sebien.qroo.gob.mx\/<\/p>\n","protected":false},"excerpt":{"rendered":"<p>Las y los beneficiarios recibir\u00e1n un paquete alimentario y un apoyo econ\u00f3mico de 1,420 pesos de manera bimestral e intercaladamente \u201cComer bien, alimentarse, es un derecho y el bienestar empieza en la cocina, en las mesas, en el plato que se sirve todos los d\u00edas. No hay paz sin familias fuertes, y no puede haber [&hellip;]<\/p>\n","protected":false},"author":1,"featured_media":81738,"comment_status":"closed","ping_status":"closed","sticky":false,"template":"","format":"standard","meta":{"footnotes":""},"categories":[30,34],"tags":[],"class_list":["post-81737","post","type-post","status-publish","format-standard","has-post-thumbnail","hentry","category-destacado","category-nacional"],"_links":{"self":[{"href":"https:\/\/elinformante.mx\/index.php?rest_route=\/wp\/v2\/posts\/81737","targetHints":{"allow":["GET"]}}],"collection":[{"href":"https:\/\/elinformante.mx\/index.php?rest_route=\/wp\/v2\/posts"}],"about":[{"href":"https:\/\/elinformante.mx\/index.php?rest_route=\/wp\/v2\/types\/post"}],"author":[{"embeddable":true,"href":"https:\/\/elinformante.mx\/index.php?rest_route=\/wp\/v2\/users\/1"}],"replies":[{"embeddable":true,"href":"https:\/\/elinformante.mx\/index.php?rest_route=%2Fwp%2Fv2%2Fcomments&post=81737"}],"version-history":[{"count":0,"href":"https:\/\/elinformante.mx\/index.php?rest_route=\/wp\/v2\/posts\/81737\/revisions"}],"wp:featuredmedia":[{"embeddable":true,"href":"https:\/\/elinformante.mx\/index.php?rest_route=\/wp\/v2\/media\/81738"}],"wp:attachment":[{"href":"https:\/\/elinformante.mx\/index.php?rest_route=%2Fwp%2Fv2%2Fmedia&parent=81737"}],"wp:term":[{"taxonomy":"category","embeddable":true,"href":"https:\/\/elinformante.mx\/index.php?rest_route=%2Fwp%2Fv2%2Fcategories&post=81737"},{"taxonomy":"post_tag","embeddable":true,"href":"https:\/\/elinformante.mx\/index.php?rest_route=%2Fwp%2Fv2%2Ftags&post=81737"}],"curies":[{"name":"wp","href":"https:\/\/api.w.org\/{rel}","templated":true}]}}