{"id":81837,"date":"2025-04-25T06:19:09","date_gmt":"2025-04-25T12:19:09","guid":{"rendered":"https:\/\/elinformante.mx\/?p=81837"},"modified":"2025-04-25T06:19:11","modified_gmt":"2025-04-25T12:19:11","slug":"se-busca-consolidar-a-metepec-como-municipio-prospero-e-incluyente-fernando-flores","status":"publish","type":"post","link":"https:\/\/elinformante.mx\/?p=81837","title":{"rendered":"\u201cSe busca consolidar a Metepec como municipio pr\u00f3spero e incluyente\u201d: Fernando Flores"},"content":{"rendered":"\n<figure class=\"wp-block-pullquote\"><blockquote><p>Con estos nombramientos y acciones, la administraci\u00f3n de Fernando Flores reafirma su compromiso con el desarrollo integral del municipio.<\/p><\/blockquote><\/figure>\n\n\n\n<p class=\"has-drop-cap\">Durante la D\u00e9cima Sexta Sesi\u00f3n Ordinaria de Cabildo, el gobierno del municipio de Metepec, encabezado por Fernando Flores Fern\u00e1ndez, ha dado un paso firme para reforzar su administraci\u00f3n p\u00fablica.<br><\/p>\n\n\n\n<p>En la sesi\u00f3n se aprob\u00f3 por unanimidad la propuesta de Flores Fern\u00e1ndez para designar a Mar\u00eda Elisa Quijada Badillo y Griselda G\u00e9nico Sachi\u00f1as como nuevas titulares de \u00e1reas estrat\u00e9gicas.<br><\/p>\n\n\n\n<p>Mar\u00eda Elisa Quijada Badillo tendr\u00e1 a su cargo la Direcci\u00f3n de Desarrollo Econ\u00f3mico, Tur\u00edstico y Artesanal; mientras que Griselda G\u00e9nico Sachi\u00f1as estar\u00e1 al frente de la Direcci\u00f3n de Desarrollo Social y Asuntos Ind\u00edgenas.<br><\/p>\n\n\n\n<p>Las funcionarias cuentan con una s\u00f3lida trayectoria y formaci\u00f3n profesional, que podr\u00e1n asegurar la continuidad y fortalecimiento de los logros que han posicionado a Metepec como el municipio con mayor crecimiento econ\u00f3mico en el Estado de M\u00e9xico en los \u00faltimos tres a\u00f1os.<br><\/p>\n\n\n\n<p>Con estos nombramientos y acciones, la administraci\u00f3n de Fernando Flores reafirma su compromiso con el desarrollo integral del municipio, apostando por la eficiencia, la cercan\u00eda ciudadana y el impulso econ\u00f3mico y social como pilares del gobierno local.<br><\/p>\n\n\n\n<p>Fernando Flores se\u00f1al\u00f3 durante la sesi\u00f3n que el objetivo que tienen es muy claro, el consolidar a Metepec, volvi\u00e9ndolo m\u00e1s pr\u00f3spero e incluyente, con programas sociales hist\u00f3ricos que han marcado una diferencia en la vida de miles de familias.<br><\/p>\n\n\n\n<p>El cabildo tambi\u00e9n aval\u00f3 la renovaci\u00f3n del cronista municipal Jorge Garc\u00eda Ortega, historiador y escritor con m\u00e1s de 15 obras dedicadas a la historia y cultura de Metepec. Su reelecci\u00f3n fue vista como un reconocimiento a su invaluable aportaci\u00f3n a la identidad y memoria colectiva del municipio.<br><\/p>\n\n\n\n<p>Cabe destacar que esta es la segunda Sesi\u00f3n de Cabildo Abierto, siendo un espacio en el que ciudadanos pueden expresar sus inquietudes y propuestas directamente ante las autoridades municipales.<br><\/p>\n\n\n\n<p>Se destac\u00f3 tambi\u00e9n la efectividad del programa \u201cPresidente en tu Calle\u201d, que ha permitido resolver problem\u00e1ticas comunitarias de forma inmediata, acercando tr\u00e1mites y soluciones a los barrios y colonias de Metepec.<\/p>\n","protected":false},"excerpt":{"rendered":"<p>Con estos nombramientos y acciones, la administraci\u00f3n de Fernando Flores reafirma su compromiso con el desarrollo integral del municipio. Durante la D\u00e9cima Sexta Sesi\u00f3n Ordinaria de Cabildo, el gobierno del municipio de Metepec, encabezado por Fernando Flores Fern\u00e1ndez, ha dado un paso firme para reforzar su administraci\u00f3n p\u00fablica. En la sesi\u00f3n se aprob\u00f3 por unanimidad [&hellip;]<\/p>\n","protected":false},"author":1,"featured_media":81838,"comment_status":"closed","ping_status":"closed","sticky":false,"template":"","format":"standard","meta":{"footnotes":""},"categories":[30,36],"tags":[],"class_list":["post-81837","post","type-post","status-publish","format-standard","has-post-thumbnail","hentry","category-destacado","category-edomex"],"_links":{"self":[{"href":"https:\/\/elinformante.mx\/index.php?rest_route=\/wp\/v2\/posts\/81837","targetHints":{"allow":["GET"]}}],"collection":[{"href":"https:\/\/elinformante.mx\/index.php?rest_route=\/wp\/v2\/posts"}],"about":[{"href":"https:\/\/elinformante.mx\/index.php?rest_route=\/wp\/v2\/types\/post"}],"author":[{"embeddable":true,"href":"https:\/\/elinformante.mx\/index.php?rest_route=\/wp\/v2\/users\/1"}],"replies":[{"embeddable":true,"href":"https:\/\/elinformante.mx\/index.php?rest_route=%2Fwp%2Fv2%2Fcomments&post=81837"}],"version-history":[{"count":0,"href":"https:\/\/elinformante.mx\/index.php?rest_route=\/wp\/v2\/posts\/81837\/revisions"}],"wp:featuredmedia":[{"embeddable":true,"href":"https:\/\/elinformante.mx\/index.php?rest_route=\/wp\/v2\/media\/81838"}],"wp:attachment":[{"href":"https:\/\/elinformante.mx\/index.php?rest_route=%2Fwp%2Fv2%2Fmedia&parent=81837"}],"wp:term":[{"taxonomy":"category","embeddable":true,"href":"https:\/\/elinformante.mx\/index.php?rest_route=%2Fwp%2Fv2%2Fcategories&post=81837"},{"taxonomy":"post_tag","embeddable":true,"href":"https:\/\/elinformante.mx\/index.php?rest_route=%2Fwp%2Fv2%2Ftags&post=81837"}],"curies":[{"name":"wp","href":"https:\/\/api.w.org\/{rel}","templated":true}]}}