{"id":81850,"date":"2025-04-25T06:28:45","date_gmt":"2025-04-25T12:28:45","guid":{"rendered":"https:\/\/elinformante.mx\/?p=81850"},"modified":"2025-04-25T06:28:46","modified_gmt":"2025-04-25T12:28:46","slug":"participa-grupo-aereo-relampagos-edomex-en-la-feria-aeroespacial-mexico","status":"publish","type":"post","link":"https:\/\/elinformante.mx\/?p=81850","title":{"rendered":"Participa Grupo A\u00e9reo Rel\u00e1mpagos Edom\u00e9x en la Feria Aeroespacial M\u00e9xico"},"content":{"rendered":"\n<figure class=\"wp-block-pullquote\"><blockquote><p>Expertos pilotos mexiquenses relatan su experiencia en operaciones a\u00e9reas de emergencia, al servicio de la poblaci\u00f3n del Estado de M\u00e9xico y otras entidades con especialistas de Norteam\u00e9rica, Latinoam\u00e9rica y Europa.<\/p><\/blockquote><\/figure>\n\n\n\n<p class=\"has-drop-cap\">La Coordinaci\u00f3n de Servicios Auxiliares a Contingencias y Emergencias, conocida como Grupo A\u00e9reo Rel\u00e1mpagos participa y comparte su experiencia en operaciones de emergencia al servicio de la poblaci\u00f3n del Estado de M\u00e9xico y otras entidades, como parte de la Feria Aeroespacial M\u00e9xico (FAMEX) 2025.<br><\/p>\n\n\n\n<p>Personal de este organismo, adscrito a la Oficial\u00eda Mayor del Gobierno del Estado de M\u00e9xico, muestra sus capacidades operativas en misiones de ambulancia a\u00e9rea; b\u00fasqueda y rescate; combate de incendios forestales, y traslado de \u00f3rganos. Adem\u00e1s, exhibe uno de los helic\u00f3pteros utilizados para estas labores.<br><\/p>\n\n\n\n<p>La FAMEX fue inaugurada el 22 de abril pasado por la Presidenta Claudia Sheinbaum Pardo, acompa\u00f1ada por la Gobernadora del Estado de M\u00e9xico, Delfina G\u00f3mez \u00c1lvarez.<br><\/p>\n\n\n\n<p>Este evento se realiza en la Base A\u00e9rea Militar No. 1 Santa Luc\u00eda, del 23 al 26 de abril congregando al sector aeron\u00e1utico mundial, para promover la industria de la aviaci\u00f3n y fortalecer la tecnolog\u00eda, a fin de atraer inversi\u00f3n y generar y empleos en el sector.<br><\/p>\n\n\n\n<p>Como parte de las exhibiciones, las personas asistentes tendr\u00e1n la posibilidad de conocer de cerca la labor del Grupo A\u00e9reo Rel\u00e1mpagos del Estado de M\u00e9xico, el equipo especializado que utiliza y los procesos de respuesta ante emergencias.<br><\/p>\n\n\n\n<p>Durante estos d\u00edas, los pilotos mexiquenses han compartido su experiencia con participantes de Brasil, Estados Unidos, Canad\u00e1, Alemania, Espa\u00f1a, Inglaterra y Francia, para promover la industria de la aviaci\u00f3n y fortalecer la tecnolog\u00eda, a fin de atraer inversi\u00f3n y generar y empleos en el sector.<br><\/p>\n\n\n\n<p>El acceso a la FAMEX 2025, organizada por la Secretar\u00eda de la Defensa Nacional (Defensa) a trav\u00e9s de la Fuerza A\u00e9rea Mexicana, tiene un costo de acceso de 481 pesos. La entrada al espect\u00e1culo a\u00e9reo, del s\u00e1bado 26 de abril, ser\u00e1 gratuita. Las actividades inician todos los d\u00edas a las 7:00 horas con una exhibici\u00f3n de globos aerost\u00e1ticos.<\/p>\n","protected":false},"excerpt":{"rendered":"<p>Expertos pilotos mexiquenses relatan su experiencia en operaciones a\u00e9reas de emergencia, al servicio de la poblaci\u00f3n del Estado de M\u00e9xico y otras entidades con especialistas de Norteam\u00e9rica, Latinoam\u00e9rica y Europa. La Coordinaci\u00f3n de Servicios Auxiliares a Contingencias y Emergencias, conocida como Grupo A\u00e9reo Rel\u00e1mpagos participa y comparte su experiencia en operaciones de emergencia al servicio [&hellip;]<\/p>\n","protected":false},"author":1,"featured_media":81851,"comment_status":"closed","ping_status":"closed","sticky":false,"template":"","format":"standard","meta":{"footnotes":""},"categories":[30,32],"tags":[],"class_list":["post-81850","post","type-post","status-publish","format-standard","has-post-thumbnail","hentry","category-destacado","category-editorial"],"_links":{"self":[{"href":"https:\/\/elinformante.mx\/index.php?rest_route=\/wp\/v2\/posts\/81850","targetHints":{"allow":["GET"]}}],"collection":[{"href":"https:\/\/elinformante.mx\/index.php?rest_route=\/wp\/v2\/posts"}],"about":[{"href":"https:\/\/elinformante.mx\/index.php?rest_route=\/wp\/v2\/types\/post"}],"author":[{"embeddable":true,"href":"https:\/\/elinformante.mx\/index.php?rest_route=\/wp\/v2\/users\/1"}],"replies":[{"embeddable":true,"href":"https:\/\/elinformante.mx\/index.php?rest_route=%2Fwp%2Fv2%2Fcomments&post=81850"}],"version-history":[{"count":0,"href":"https:\/\/elinformante.mx\/index.php?rest_route=\/wp\/v2\/posts\/81850\/revisions"}],"wp:featuredmedia":[{"embeddable":true,"href":"https:\/\/elinformante.mx\/index.php?rest_route=\/wp\/v2\/media\/81851"}],"wp:attachment":[{"href":"https:\/\/elinformante.mx\/index.php?rest_route=%2Fwp%2Fv2%2Fmedia&parent=81850"}],"wp:term":[{"taxonomy":"category","embeddable":true,"href":"https:\/\/elinformante.mx\/index.php?rest_route=%2Fwp%2Fv2%2Fcategories&post=81850"},{"taxonomy":"post_tag","embeddable":true,"href":"https:\/\/elinformante.mx\/index.php?rest_route=%2Fwp%2Fv2%2Ftags&post=81850"}],"curies":[{"name":"wp","href":"https:\/\/api.w.org\/{rel}","templated":true}]}}