{"id":81911,"date":"2025-04-25T16:19:04","date_gmt":"2025-04-25T22:19:04","guid":{"rendered":"https:\/\/elinformante.mx\/?p=81911"},"modified":"2025-04-25T16:19:05","modified_gmt":"2025-04-25T22:19:05","slug":"sheinbaum-pide-cambios-a-la-nueva-ley-de-telecomunicaciones","status":"publish","type":"post","link":"https:\/\/elinformante.mx\/?p=81911","title":{"rendered":"SHEINBAUM PIDE CAMBIOS A LA NUEVA LEY DE TELECOMUNICACIONES"},"content":{"rendered":"\n<p>Luego de que en Comisiones del Senado se aprob\u00f3 la nueva Ley en materia de Telecomunicaciones y Radiodifusi\u00f3n, la presidenta Claudia Sheinbaum Pardo, se\u00f1al\u00f3 que podr\u00eda modificarse la redacci\u00f3n o quitarse el art\u00edculo referente a las plataformas digitales.\u00a0\u00a0<br><\/p>\n\n\n\n<p>Sheinbaum insisti\u00f3 en que no se pretende la censura y no tiene que ver con autoritarismo, \u201csino con recuperar atribuciones\u201d.<br><\/p>\n\n\n\n<p>La mandataria indic\u00f3 \u201cEl art\u00edculo que tiene que ver con las plataformas digitales, nunca ha sido nuestro deseo censurar a nadie, entonces o que se modifique la redacci\u00f3n o que se elimine el art\u00edculo, no hay problema porque ese no es el centro de la ley\u201d.<br><\/p>\n","protected":false},"excerpt":{"rendered":"<p>Luego de que en Comisiones del Senado se aprob\u00f3 la nueva Ley en materia de Telecomunicaciones y Radiodifusi\u00f3n, la presidenta Claudia Sheinbaum Pardo, se\u00f1al\u00f3 que podr\u00eda modificarse la redacci\u00f3n o quitarse el art\u00edculo referente a las plataformas digitales.\u00a0\u00a0 Sheinbaum insisti\u00f3 en que no se pretende la censura y no tiene que ver con autoritarismo, \u201csino [&hellip;]<\/p>\n","protected":false},"author":2,"featured_media":81912,"comment_status":"closed","ping_status":"closed","sticky":false,"template":"","format":"standard","meta":{"footnotes":""},"categories":[34],"tags":[],"class_list":["post-81911","post","type-post","status-publish","format-standard","has-post-thumbnail","hentry","category-nacional"],"_links":{"self":[{"href":"https:\/\/elinformante.mx\/index.php?rest_route=\/wp\/v2\/posts\/81911","targetHints":{"allow":["GET"]}}],"collection":[{"href":"https:\/\/elinformante.mx\/index.php?rest_route=\/wp\/v2\/posts"}],"about":[{"href":"https:\/\/elinformante.mx\/index.php?rest_route=\/wp\/v2\/types\/post"}],"author":[{"embeddable":true,"href":"https:\/\/elinformante.mx\/index.php?rest_route=\/wp\/v2\/users\/2"}],"replies":[{"embeddable":true,"href":"https:\/\/elinformante.mx\/index.php?rest_route=%2Fwp%2Fv2%2Fcomments&post=81911"}],"version-history":[{"count":0,"href":"https:\/\/elinformante.mx\/index.php?rest_route=\/wp\/v2\/posts\/81911\/revisions"}],"wp:featuredmedia":[{"embeddable":true,"href":"https:\/\/elinformante.mx\/index.php?rest_route=\/wp\/v2\/media\/81912"}],"wp:attachment":[{"href":"https:\/\/elinformante.mx\/index.php?rest_route=%2Fwp%2Fv2%2Fmedia&parent=81911"}],"wp:term":[{"taxonomy":"category","embeddable":true,"href":"https:\/\/elinformante.mx\/index.php?rest_route=%2Fwp%2Fv2%2Fcategories&post=81911"},{"taxonomy":"post_tag","embeddable":true,"href":"https:\/\/elinformante.mx\/index.php?rest_route=%2Fwp%2Fv2%2Ftags&post=81911"}],"curies":[{"name":"wp","href":"https:\/\/api.w.org\/{rel}","templated":true}]}}