{"id":82056,"date":"2025-04-29T05:25:58","date_gmt":"2025-04-29T11:25:58","guid":{"rendered":"https:\/\/elinformante.mx\/?p=82056"},"modified":"2025-04-29T05:26:00","modified_gmt":"2025-04-29T11:26:00","slug":"responde-violeta-isfel-a-criticas-que-la-senalan-de-cobrar-saludos","status":"publish","type":"post","link":"https:\/\/elinformante.mx\/?p=82056","title":{"rendered":"Responde Violeta Isfel a cr\u00edticas que la se\u00f1alan de cobrar saludos"},"content":{"rendered":"\n<figure class=\"wp-block-pullquote\"><blockquote><p>La actriz afirm\u00f3 que existen programas amarillistas que sacan todo lo dicho fuera de contexto para usarlo en su contra.<\/p><\/blockquote><\/figure>\n\n\n\n<p class=\"has-drop-cap\">La actriz y cantante mexicana, Violeta Isfel, se ha visto envuelta en una fuerte pol\u00e9mica, despu\u00e9s de que el programa de espect\u00e1culos que encabeza el periodista Gustavo Adolfo Infante la acusara y se\u00f1alara de presuntamente cobrar por enviar saludos personalizados.<br><\/p>\n\n\n\n<p>Isfel neg\u00f3 estas acusaciones, pero adem\u00e1s se\u00f1al\u00f3 que el periodista solo busca difamarla. La pol\u00e9mica surgi\u00f3 cuando el Infante la se\u00f1al\u00f3 de haberse negado a mandar un saludo a una maquillista que trabaja en la empresa a donde pertenece; afirm\u00f3 que la actriz le dijo a la mujer que estos solo los hac\u00eda a cambio de un pago. Las declaraciones fueron hechas en su canal de YouTube de Infante. Esta versi\u00f3n fue interpretada por algunos como un acto de soberbia, lo que desat\u00f3 comentarios negativos hacia la actriz.<br><\/p>\n\n\n\n<p>Isfel se mostr\u00f3 muy enojada y molesta, y afirm\u00f3 que de manera lamentable, existen algunos medios de espect\u00e1culos tergiversan las palabras de los famosos para generar pol\u00e9mica; \u201cno les interesa si estas mentiras pueden provocar afectaciones, ya sea al artista o sus familiares, incluso a terceras personas que son ajenas al medio\u201dDurante una entrevista para \u201cAlondra TV Espect\u00e1culo\u201d, Isfel neg\u00f3 los se\u00f1alamientos, pero adem\u00e1s acus\u00f3 a Gustavo Adolfo Infante y a Joanna Vega-Biestro de propagar chismes y mentiras.<br><\/p>\n\n\n\n<p>Declar\u00f3 mediante la entrevista de manera molesta: \u201cEl chismer\u00edo que me inventaron\u2026 no es la primera vez que un medio amarillista quiere venir a tirarme\u201d.<br><\/p>\n\n\n\n<p>Violeta lament\u00f3 que baste un solo comentario negativo para que el odio se propague en redes sociales; pero asegur\u00f3 que estos ataques no le afectan porque quienes realmente la conocen saben c\u00f3mo es ella en realidad.<br><\/p>\n\n\n\n<p>Isfel dej\u00f3 claro que su trato hacia los fans no depende de si ella recibe un pago o no y en sus propias palabras, todo se sac\u00f3 de contexto y fue utilizado en su contra, algo que, asegura, ocurre frecuentemente con las figuras p\u00fablicas.<br><\/p>\n\n\n\n<p>Para respaldar sus palabras, Violeta Isfel comparti\u00f3 recientemente en sus historias de Instagram varios momentos en los que convivi\u00f3 con sus seguidores y tras una funci\u00f3n de la obra \u201cLa se\u00f1ora presidenta\u201d, la actriz fue recibida por admiradores que la esperaban fuera del teatro, y ella, con gran amabilidad, se tom\u00f3 fotos, firm\u00f3 aut\u00f3grafos y agradeci\u00f3 personalmente el apoyo que ha recibido a lo largo de su carrera.<br><\/p>\n\n\n\n<p>\u201cMe quedo con todo ese cari\u00f1o que recibo cada d\u00eda, una sonrisa, una foto, un abrazo\u2026 eso es lo que realmente importa\u201d, mencion\u00f3.<br><\/p>\n\n\n\n<p>Aunque reconoci\u00f3 que podr\u00eda tener tarifas establecidas para videos personalizados, enfatiz\u00f3 que su conexi\u00f3n genuina con el p\u00fablico est\u00e1 muy por encima de cualquier malentendido.<\/p>\n","protected":false},"excerpt":{"rendered":"<p>La actriz afirm\u00f3 que existen programas amarillistas que sacan todo lo dicho fuera de contexto para usarlo en su contra. La actriz y cantante mexicana, Violeta Isfel, se ha visto envuelta en una fuerte pol\u00e9mica, despu\u00e9s de que el programa de espect\u00e1culos que encabeza el periodista Gustavo Adolfo Infante la acusara y se\u00f1alara de presuntamente [&hellip;]<\/p>\n","protected":false},"author":1,"featured_media":82057,"comment_status":"closed","ping_status":"closed","sticky":false,"template":"","format":"standard","meta":{"footnotes":""},"categories":[30,39],"tags":[],"class_list":["post-82056","post","type-post","status-publish","format-standard","has-post-thumbnail","hentry","category-destacado","category-espectaculos"],"_links":{"self":[{"href":"https:\/\/elinformante.mx\/index.php?rest_route=\/wp\/v2\/posts\/82056","targetHints":{"allow":["GET"]}}],"collection":[{"href":"https:\/\/elinformante.mx\/index.php?rest_route=\/wp\/v2\/posts"}],"about":[{"href":"https:\/\/elinformante.mx\/index.php?rest_route=\/wp\/v2\/types\/post"}],"author":[{"embeddable":true,"href":"https:\/\/elinformante.mx\/index.php?rest_route=\/wp\/v2\/users\/1"}],"replies":[{"embeddable":true,"href":"https:\/\/elinformante.mx\/index.php?rest_route=%2Fwp%2Fv2%2Fcomments&post=82056"}],"version-history":[{"count":0,"href":"https:\/\/elinformante.mx\/index.php?rest_route=\/wp\/v2\/posts\/82056\/revisions"}],"wp:featuredmedia":[{"embeddable":true,"href":"https:\/\/elinformante.mx\/index.php?rest_route=\/wp\/v2\/media\/82057"}],"wp:attachment":[{"href":"https:\/\/elinformante.mx\/index.php?rest_route=%2Fwp%2Fv2%2Fmedia&parent=82056"}],"wp:term":[{"taxonomy":"category","embeddable":true,"href":"https:\/\/elinformante.mx\/index.php?rest_route=%2Fwp%2Fv2%2Fcategories&post=82056"},{"taxonomy":"post_tag","embeddable":true,"href":"https:\/\/elinformante.mx\/index.php?rest_route=%2Fwp%2Fv2%2Ftags&post=82056"}],"curies":[{"name":"wp","href":"https:\/\/api.w.org\/{rel}","templated":true}]}}