{"id":82066,"date":"2025-04-29T05:31:09","date_gmt":"2025-04-29T11:31:09","guid":{"rendered":"https:\/\/elinformante.mx\/?p=82066"},"modified":"2025-04-29T05:31:11","modified_gmt":"2025-04-29T11:31:11","slug":"alexis-misael-n-fue-vinculado-a-proceso-por-robo-con-violencia-a-transporte-publico","status":"publish","type":"post","link":"https:\/\/elinformante.mx\/?p=82066","title":{"rendered":"Alexis Misael \u201cN\u201d fue vinculado a proceso por robo con violencia a transporte p\u00fablico"},"content":{"rendered":"\n<figure class=\"wp-block-pullquote\"><blockquote><p>Fue puesto a disposici\u00f3n de la Autoridad Judicial en el Centro Penitenciario y de Reinserci\u00f3n Social de Tlalnepantla.<\/p><\/blockquote><\/figure>\n\n\n\n<p class=\"has-drop-cap\">Por el delito de robo con violencia cometido en medios de transporte p\u00fablico, Alexis Misael \u201cN\u201d fue vinculado a proceso, tras que la Fiscal\u00eda General de Justicia del Estado de M\u00e9xico (FGJEM) acredit\u00f3 su probable intervenci\u00f3n en este il\u00edcito.<br><\/p>\n\n\n\n<p>Los hechos se registraron el 23 de febrero del a\u00f1o 2021, cuando se hizo pasar por pasajero y abord\u00f3 un veh\u00edculo de servicio p\u00fablico en la calle Boulevard Adolfo L\u00f3pez Mateos, colonia Centro, en el municipio de Atizap\u00e1n de Zaragoza, luego habr\u00eda amagado con un arma de fuego al operador de ese veh\u00edculo, para despojarlo de sus pertenencias y dinero.<br><\/p>\n\n\n\n<p>El robo fue denunciado alas autoridades quienes iniciaron la investigaci\u00f3n por robo con violencia cometido en medios de transporte p\u00fablico, adem\u00e1s de solicitar a un juez librar la orden de aprehensi\u00f3n contra el probable implicado.<br><\/p>\n\n\n\n<p>Tras ser en Atizapan de Zaragoza, fue puesto a disposici\u00f3n de la Autoridad Judicial en el Centro Penitenciario y de Reinserci\u00f3n Social de Tlalnepantla, quien despu\u00e9s de revisar los datos de prueba aportados por el Ministerio P\u00fablico, determin\u00f3 vincularlo a proceso, adem\u00e1s estableci\u00f3 plazo de dos meses para el cierre de investigaci\u00f3n.<\/p>\n","protected":false},"excerpt":{"rendered":"<p>Fue puesto a disposici\u00f3n de la Autoridad Judicial en el Centro Penitenciario y de Reinserci\u00f3n Social de Tlalnepantla. Por el delito de robo con violencia cometido en medios de transporte p\u00fablico, Alexis Misael \u201cN\u201d fue vinculado a proceso, tras que la Fiscal\u00eda General de Justicia del Estado de M\u00e9xico (FGJEM) acredit\u00f3 su probable intervenci\u00f3n en [&hellip;]<\/p>\n","protected":false},"author":1,"featured_media":82067,"comment_status":"closed","ping_status":"closed","sticky":false,"template":"","format":"standard","meta":{"footnotes":""},"categories":[36,37],"tags":[],"class_list":["post-82066","post","type-post","status-publish","format-standard","has-post-thumbnail","hentry","category-edomex","category-justicia"],"_links":{"self":[{"href":"https:\/\/elinformante.mx\/index.php?rest_route=\/wp\/v2\/posts\/82066","targetHints":{"allow":["GET"]}}],"collection":[{"href":"https:\/\/elinformante.mx\/index.php?rest_route=\/wp\/v2\/posts"}],"about":[{"href":"https:\/\/elinformante.mx\/index.php?rest_route=\/wp\/v2\/types\/post"}],"author":[{"embeddable":true,"href":"https:\/\/elinformante.mx\/index.php?rest_route=\/wp\/v2\/users\/1"}],"replies":[{"embeddable":true,"href":"https:\/\/elinformante.mx\/index.php?rest_route=%2Fwp%2Fv2%2Fcomments&post=82066"}],"version-history":[{"count":0,"href":"https:\/\/elinformante.mx\/index.php?rest_route=\/wp\/v2\/posts\/82066\/revisions"}],"wp:featuredmedia":[{"embeddable":true,"href":"https:\/\/elinformante.mx\/index.php?rest_route=\/wp\/v2\/media\/82067"}],"wp:attachment":[{"href":"https:\/\/elinformante.mx\/index.php?rest_route=%2Fwp%2Fv2%2Fmedia&parent=82066"}],"wp:term":[{"taxonomy":"category","embeddable":true,"href":"https:\/\/elinformante.mx\/index.php?rest_route=%2Fwp%2Fv2%2Fcategories&post=82066"},{"taxonomy":"post_tag","embeddable":true,"href":"https:\/\/elinformante.mx\/index.php?rest_route=%2Fwp%2Fv2%2Ftags&post=82066"}],"curies":[{"name":"wp","href":"https:\/\/api.w.org\/{rel}","templated":true}]}}