{"id":82069,"date":"2025-04-29T05:32:07","date_gmt":"2025-04-29T11:32:07","guid":{"rendered":"https:\/\/elinformante.mx\/?p=82069"},"modified":"2025-04-29T05:32:11","modified_gmt":"2025-04-29T11:32:11","slug":"luis-enrique-n-y-oscar-n-investigados-por-homicidio-calificado-son-vinculados-a-proceso","status":"publish","type":"post","link":"https:\/\/elinformante.mx\/?p=82069","title":{"rendered":"Luis Enrique \u201cN\u201d y Oscar \u201cN\u201d, investigados por homicidio calificado, son vinculados a proceso"},"content":{"rendered":"\n<figure class=\"wp-block-pullquote\"><blockquote><p>Investigaciones de la Fiscal\u00eda Edom\u00e9x precisaron que habr\u00edan privado de la vida a un masculino, tras dispararle con un arma de fuego.<\/p><\/blockquote><\/figure>\n\n\n\n<p class=\"has-drop-cap\">La FGJEM estableci\u00f3 la probable intervenci\u00f3n de Luis Enrique \u201cN\u201d y Oscar \u201cN\u201d en el delito de homicidio calificado en agravio de un masculino, por lo que fueron vinculados a proceso.<br><\/p>\n\n\n\n<p>La Autoridad Judicial determin\u00f3 iniciar proceso legal contra ambos individuos, adem\u00e1s estableci\u00f3 plazo de un mes para el cierre de investigaci\u00f3n complementaria y medida cautelar de prisi\u00f3n preventiva justificada.<br><\/p>\n\n\n\n<p>La investigaci\u00f3n revel\u00f3 que el 7 de septiembre de 2022, la v\u00edctima caminaba sobre la calle Joaqu\u00edn Montenegro, en la colonia San Antonio, en el municipio de Tultepec, donde fue interceptado por los ahora investigados, quienes viajaban a bordo de una motocicleta.<br><\/p>\n\n\n\n<p>Luis Enrique \u201cN\u201d conduc\u00eda este veh\u00edculo, mientras que Oscar \u201cN\u201d iba en el asiento trasero. Los implicados le dieron alcance a la v\u00edctima y le habr\u00edan ordenado que pagara una deuda econ\u00f3mica que ten\u00eda con ellos, para lo cual presuntamente lo amagaron con un arma de fuego.<br><\/p>\n\n\n\n<p>Momentos despu\u00e9s Oscar \u201cN\u201d habr\u00eda detonado el arma que portaba en contra de la v\u00edctima, ocasion\u00e1ndole la muerte y huyeron del sitio.<br><\/p>\n\n\n\n<p>Se llevaron a cabo investigaciones de campo y dieron como resultado la identificaci\u00f3n y captura de los probables implicados, quienes fueron ingresados al Centro Penitenciario y de Reinserci\u00f3n Social de Cuautitl\u00e1n a disposici\u00f3n de un juez, quien determinar\u00e1 su situaci\u00f3n jur\u00eddica.<\/p>\n","protected":false},"excerpt":{"rendered":"<p>Investigaciones de la Fiscal\u00eda Edom\u00e9x precisaron que habr\u00edan privado de la vida a un masculino, tras dispararle con un arma de fuego. La FGJEM estableci\u00f3 la probable intervenci\u00f3n de Luis Enrique \u201cN\u201d y Oscar \u201cN\u201d en el delito de homicidio calificado en agravio de un masculino, por lo que fueron vinculados a proceso. La Autoridad [&hellip;]<\/p>\n","protected":false},"author":1,"featured_media":82070,"comment_status":"closed","ping_status":"closed","sticky":false,"template":"","format":"standard","meta":{"footnotes":""},"categories":[36,37],"tags":[],"class_list":["post-82069","post","type-post","status-publish","format-standard","has-post-thumbnail","hentry","category-edomex","category-justicia"],"_links":{"self":[{"href":"https:\/\/elinformante.mx\/index.php?rest_route=\/wp\/v2\/posts\/82069","targetHints":{"allow":["GET"]}}],"collection":[{"href":"https:\/\/elinformante.mx\/index.php?rest_route=\/wp\/v2\/posts"}],"about":[{"href":"https:\/\/elinformante.mx\/index.php?rest_route=\/wp\/v2\/types\/post"}],"author":[{"embeddable":true,"href":"https:\/\/elinformante.mx\/index.php?rest_route=\/wp\/v2\/users\/1"}],"replies":[{"embeddable":true,"href":"https:\/\/elinformante.mx\/index.php?rest_route=%2Fwp%2Fv2%2Fcomments&post=82069"}],"version-history":[{"count":0,"href":"https:\/\/elinformante.mx\/index.php?rest_route=\/wp\/v2\/posts\/82069\/revisions"}],"wp:featuredmedia":[{"embeddable":true,"href":"https:\/\/elinformante.mx\/index.php?rest_route=\/wp\/v2\/media\/82070"}],"wp:attachment":[{"href":"https:\/\/elinformante.mx\/index.php?rest_route=%2Fwp%2Fv2%2Fmedia&parent=82069"}],"wp:term":[{"taxonomy":"category","embeddable":true,"href":"https:\/\/elinformante.mx\/index.php?rest_route=%2Fwp%2Fv2%2Fcategories&post=82069"},{"taxonomy":"post_tag","embeddable":true,"href":"https:\/\/elinformante.mx\/index.php?rest_route=%2Fwp%2Fv2%2Ftags&post=82069"}],"curies":[{"name":"wp","href":"https:\/\/api.w.org\/{rel}","templated":true}]}}