{"id":82072,"date":"2025-04-29T05:33:24","date_gmt":"2025-04-29T11:33:24","guid":{"rendered":"https:\/\/elinformante.mx\/?p=82072"},"modified":"2025-04-29T05:33:28","modified_gmt":"2025-04-29T11:33:28","slug":"despliegue-policial-exitoso-saldo-blanco-en-la-feria-del-caballo-texcoco-2025","status":"publish","type":"post","link":"https:\/\/elinformante.mx\/?p=82072","title":{"rendered":"Despliegue policial exitoso: saldo blanco en la \u201cFeria del Caballo Texcoco 2025\u201d"},"content":{"rendered":"\n<figure class=\"wp-block-pullquote\"><blockquote><p>Con un estado de fuerza de seis mil 820 elementos y 620 unidades oficiales de la SSEM, en coordinaci\u00f3n con 620 efectivos municipales, se concluy\u00f3 el periodo de dicha celebraci\u00f3n.<\/p><\/blockquote><\/figure>\n\n\n\n<p class=\"has-drop-cap\">La SSEM y el Ayuntamiento de Texcoco, implementaron diversos operativos estrat\u00e9gicos para salvaguardar a las y los asistentes a la Feria Internacional del Caballo Texcoco 2025, en su edici\u00f3n 42, la cual concluy\u00f3 con saldo blanco.<br><\/p>\n\n\n\n<p>En estas acciones, la SSEM particip\u00f3 con un estado de fuerza de seis mil 820 elementos y 620 unidades; por su parte la Polic\u00eda Municipal cont\u00f3 con 620 efectivos.<br><\/p>\n\n\n\n<p>La prioridad de las autoridades era brindar condiciones \u00f3ptimas para visitantes y comerciantes de dicho evento, que desde el pasado 28 de marzo hasta el 27 de abril diariamente se realizaron despliegues t\u00e1cticos en las inmediaciones del recinto ferial con el objetivo de brindar seguridad a las 333 mil 945 personas que asistieron, donde ambas instituciones brindaron 19 apoyos entre los que se encontraron asistencia m\u00e9dica, intoxicaci\u00f3n con bebidas embriagantes, localizaci\u00f3n de personas desaparecidas y la presencia de fauna nociva.<br><\/p>\n\n\n\n<figure class=\"wp-block-image size-large\"><img fetchpriority=\"high\" decoding=\"async\" width=\"1024\" height=\"506\" src=\"https:\/\/elinformante.mx\/wp-content\/uploads\/2025\/04\/13despliegue-2-1024x506.jpg\" alt=\"\" class=\"wp-image-82074\" srcset=\"https:\/\/elinformante.mx\/wp-content\/uploads\/2025\/04\/13despliegue-2-1024x506.jpg 1024w, https:\/\/elinformante.mx\/wp-content\/uploads\/2025\/04\/13despliegue-2-300x148.jpg 300w, https:\/\/elinformante.mx\/wp-content\/uploads\/2025\/04\/13despliegue-2-768x379.jpg 768w, https:\/\/elinformante.mx\/wp-content\/uploads\/2025\/04\/13despliegue-2.jpg 1140w\" sizes=\"(max-width: 1024px) 100vw, 1024px\" \/><\/figure>\n\n\n\n<p>Durante este operativo se llevaron a cabo 26 detenciones de las cuales 20 fueron por delitos contra la salud, cuatro por portaci\u00f3n, tr\u00e1fico y acopio de armas prohibidas; una por lesiones y una por encubrimiento por receptaci\u00f3n.<br><\/p>\n\n\n\n<p>De igual manera se decomisaron dosis de sustancias ilegales como marihuana y coca\u00edna, siete equipos de telefon\u00eda, dos armas blancas y una de fuego; los detenidos y los indicios fueron trasladados a la Agencia del Ministerio P\u00fablico correspondiente para determinar su situaci\u00f3n legal.<br><\/p>\n\n\n\n<p>A trav\u00e9s de estas acciones la dependencia estatal refuerza el compromiso con las y los mexiquenses para garantizar espacios p\u00fablicos y de esparcimiento seguros.<\/p>\n","protected":false},"excerpt":{"rendered":"<p>Con un estado de fuerza de seis mil 820 elementos y 620 unidades oficiales de la SSEM, en coordinaci\u00f3n con 620 efectivos municipales, se concluy\u00f3 el periodo de dicha celebraci\u00f3n. La SSEM y el Ayuntamiento de Texcoco, implementaron diversos operativos estrat\u00e9gicos para salvaguardar a las y los asistentes a la Feria Internacional del Caballo Texcoco [&hellip;]<\/p>\n","protected":false},"author":1,"featured_media":82073,"comment_status":"closed","ping_status":"closed","sticky":false,"template":"","format":"standard","meta":{"footnotes":""},"categories":[30,36,37],"tags":[],"class_list":["post-82072","post","type-post","status-publish","format-standard","has-post-thumbnail","hentry","category-destacado","category-edomex","category-justicia"],"_links":{"self":[{"href":"https:\/\/elinformante.mx\/index.php?rest_route=\/wp\/v2\/posts\/82072","targetHints":{"allow":["GET"]}}],"collection":[{"href":"https:\/\/elinformante.mx\/index.php?rest_route=\/wp\/v2\/posts"}],"about":[{"href":"https:\/\/elinformante.mx\/index.php?rest_route=\/wp\/v2\/types\/post"}],"author":[{"embeddable":true,"href":"https:\/\/elinformante.mx\/index.php?rest_route=\/wp\/v2\/users\/1"}],"replies":[{"embeddable":true,"href":"https:\/\/elinformante.mx\/index.php?rest_route=%2Fwp%2Fv2%2Fcomments&post=82072"}],"version-history":[{"count":0,"href":"https:\/\/elinformante.mx\/index.php?rest_route=\/wp\/v2\/posts\/82072\/revisions"}],"wp:featuredmedia":[{"embeddable":true,"href":"https:\/\/elinformante.mx\/index.php?rest_route=\/wp\/v2\/media\/82073"}],"wp:attachment":[{"href":"https:\/\/elinformante.mx\/index.php?rest_route=%2Fwp%2Fv2%2Fmedia&parent=82072"}],"wp:term":[{"taxonomy":"category","embeddable":true,"href":"https:\/\/elinformante.mx\/index.php?rest_route=%2Fwp%2Fv2%2Fcategories&post=82072"},{"taxonomy":"post_tag","embeddable":true,"href":"https:\/\/elinformante.mx\/index.php?rest_route=%2Fwp%2Fv2%2Ftags&post=82072"}],"curies":[{"name":"wp","href":"https:\/\/api.w.org\/{rel}","templated":true}]}}