{"id":82079,"date":"2025-04-29T05:43:08","date_gmt":"2025-04-29T11:43:08","guid":{"rendered":"https:\/\/elinformante.mx\/?p=82079"},"modified":"2025-04-29T05:43:13","modified_gmt":"2025-04-29T11:43:13","slug":"adolfo-solis-refuerza-el-dialogo-ciudadano-durante-su-segunda-sesion-de-cabildo-abierto","status":"publish","type":"post","link":"https:\/\/elinformante.mx\/?p=82079","title":{"rendered":"Adolfo Sol\u00eds refuerza el di\u00e1logo ciudadano durante su segunda sesi\u00f3n de Cabildo abierto"},"content":{"rendered":"\n<figure class=\"wp-block-pullquote\"><blockquote><p>En la comunidad de Cieneguillas, en Almoloya de Ju\u00e1rez, el alcalde escuch\u00f3 las peticiones de los habitantes.<\/p><\/blockquote><\/figure>\n\n\n\n<p class=\"has-drop-cap\">Con esta sesi\u00f3n se busc\u00f3 fortalecer el di\u00e1logo directo entre autoridades y la comunidad, el Ayuntamiento de Almoloya de Ju\u00e1rez realiz\u00f3 su Segunda Sesi\u00f3n de Cabildo Abierto, esta vez en la comunidad de Cieneguillas de Guadalupe.<br><\/p>\n\n\n\n<p>Durante el encuentro, vecinas y vecinos de la zona, as\u00ed como delegados de comunidades aleda\u00f1as como La Tinaja o La Uni\u00f3n, expusieron de manera libre sus necesidades y propuestas al Presidente Municipal, Adolfo Sol\u00eds, integrantes del Cabildo y directores de \u00e1rea, quienes escucharon de primera mano las problem\u00e1ticas que afectan a estas localidades.<br><\/p>\n\n\n\n<p>Entre las principales demandas destacaron la mejora de infraestructura educativa, la renovaci\u00f3n del alumbrado p\u00fablico, as\u00ed como el fortalecimiento de talleres culturales, entre otros temas.<br><\/p>\n\n\n\n<p>El alcalde reiter\u00f3 su compromiso de mantener las puertas abiertas a todos los ciudadanos y se\u00f1al\u00f3 que estas sesiones permiten construir un gobierno m\u00e1s cercano a la gente, y asegur\u00f3 que la administraci\u00f3n municipal tiene la convicci\u00f3n de gobernar en territorio, fuera de las oficinas.<br><\/p>\n\n\n\n<figure class=\"wp-block-image size-large\"><img fetchpriority=\"high\" decoding=\"async\" width=\"1024\" height=\"506\" src=\"https:\/\/elinformante.mx\/wp-content\/uploads\/2025\/04\/12ALMO-2-1-1024x506.jpg\" alt=\"\" class=\"wp-image-82081\" srcset=\"https:\/\/elinformante.mx\/wp-content\/uploads\/2025\/04\/12ALMO-2-1-1024x506.jpg 1024w, https:\/\/elinformante.mx\/wp-content\/uploads\/2025\/04\/12ALMO-2-1-300x148.jpg 300w, https:\/\/elinformante.mx\/wp-content\/uploads\/2025\/04\/12ALMO-2-1-768x379.jpg 768w, https:\/\/elinformante.mx\/wp-content\/uploads\/2025\/04\/12ALMO-2-1.jpg 1140w\" sizes=\"(max-width: 1024px) 100vw, 1024px\" \/><\/figure>\n\n\n\n<p>\u201cQueremos que la ciudadan\u00eda nos diga directamente cu\u00e1les son sus preocupaciones, para poder trabajar juntos en las soluciones\u201d, subray\u00f3.<br><\/p>\n\n\n\n<p>Al concluir esta sesi\u00f3n, las personas se acercaron al alcalde almoloyojuarense para exponer temas relacionados con servicios p\u00fablicos, seguridad y mejoras en infraestructura b\u00e1sica, lo que el edil atendi\u00f3 de forma puntual.<br><\/p>\n\n\n\n<p>Adem\u00e1s, se tom\u00f3 protesta a las y los integrantes del Consejo Consultivo Municipal de Pirotecnia, que tendr\u00e1 como objetivo regular el uso y almacenamiento de fuegos artificiales para evitar accidentes y proteger la integridad de la poblaci\u00f3n.<br><\/p>\n\n\n\n<p>El gobierno municipal continuar\u00e1 realizando Cabildos abiertos en diversas comunidades, reafirmando su convicci\u00f3n de gobernar de la mano de la ciudadan\u00eda.<\/p>\n\n\n\n<figure class=\"wp-block-image size-large\"><img decoding=\"async\" width=\"1024\" height=\"506\" src=\"https:\/\/elinformante.mx\/wp-content\/uploads\/2025\/04\/12ALMO-1-1024x506.jpg\" alt=\"\" class=\"wp-image-82082\" srcset=\"https:\/\/elinformante.mx\/wp-content\/uploads\/2025\/04\/12ALMO-1-1024x506.jpg 1024w, https:\/\/elinformante.mx\/wp-content\/uploads\/2025\/04\/12ALMO-1-300x148.jpg 300w, https:\/\/elinformante.mx\/wp-content\/uploads\/2025\/04\/12ALMO-1-768x379.jpg 768w, https:\/\/elinformante.mx\/wp-content\/uploads\/2025\/04\/12ALMO-1.jpg 1140w\" sizes=\"(max-width: 1024px) 100vw, 1024px\" \/><\/figure>\n","protected":false},"excerpt":{"rendered":"<p>En la comunidad de Cieneguillas, en Almoloya de Ju\u00e1rez, el alcalde escuch\u00f3 las peticiones de los habitantes. Con esta sesi\u00f3n se busc\u00f3 fortalecer el di\u00e1logo directo entre autoridades y la comunidad, el Ayuntamiento de Almoloya de Ju\u00e1rez realiz\u00f3 su Segunda Sesi\u00f3n de Cabildo Abierto, esta vez en la comunidad de Cieneguillas de Guadalupe. Durante el [&hellip;]<\/p>\n","protected":false},"author":1,"featured_media":82080,"comment_status":"closed","ping_status":"closed","sticky":false,"template":"","format":"standard","meta":{"footnotes":""},"categories":[30,36],"tags":[],"class_list":["post-82079","post","type-post","status-publish","format-standard","has-post-thumbnail","hentry","category-destacado","category-edomex"],"_links":{"self":[{"href":"https:\/\/elinformante.mx\/index.php?rest_route=\/wp\/v2\/posts\/82079","targetHints":{"allow":["GET"]}}],"collection":[{"href":"https:\/\/elinformante.mx\/index.php?rest_route=\/wp\/v2\/posts"}],"about":[{"href":"https:\/\/elinformante.mx\/index.php?rest_route=\/wp\/v2\/types\/post"}],"author":[{"embeddable":true,"href":"https:\/\/elinformante.mx\/index.php?rest_route=\/wp\/v2\/users\/1"}],"replies":[{"embeddable":true,"href":"https:\/\/elinformante.mx\/index.php?rest_route=%2Fwp%2Fv2%2Fcomments&post=82079"}],"version-history":[{"count":0,"href":"https:\/\/elinformante.mx\/index.php?rest_route=\/wp\/v2\/posts\/82079\/revisions"}],"wp:featuredmedia":[{"embeddable":true,"href":"https:\/\/elinformante.mx\/index.php?rest_route=\/wp\/v2\/media\/82080"}],"wp:attachment":[{"href":"https:\/\/elinformante.mx\/index.php?rest_route=%2Fwp%2Fv2%2Fmedia&parent=82079"}],"wp:term":[{"taxonomy":"category","embeddable":true,"href":"https:\/\/elinformante.mx\/index.php?rest_route=%2Fwp%2Fv2%2Fcategories&post=82079"},{"taxonomy":"post_tag","embeddable":true,"href":"https:\/\/elinformante.mx\/index.php?rest_route=%2Fwp%2Fv2%2Ftags&post=82079"}],"curies":[{"name":"wp","href":"https:\/\/api.w.org\/{rel}","templated":true}]}}