{"id":82099,"date":"2025-04-29T06:06:13","date_gmt":"2025-04-29T12:06:13","guid":{"rendered":"https:\/\/elinformante.mx\/?p=82099"},"modified":"2025-04-29T06:06:14","modified_gmt":"2025-04-29T12:06:14","slug":"edomex-pone-a-disposicion-de-la-poblacion-12-vacunas-en-centros-de-salud","status":"publish","type":"post","link":"https:\/\/elinformante.mx\/?p=82099","title":{"rendered":"Edom\u00e9x pone a disposici\u00f3n de la poblaci\u00f3n 12 vacunas en Centros de Salud"},"content":{"rendered":"\n<figure class=\"wp-block-pullquote\"><blockquote><p>La Secretar\u00eda de Salud estatal invita a participar en la Semana Nacional de Vacunaci\u00f3n del 16 de abril al 3 de mayo.<\/p><\/blockquote><\/figure>\n\n\n\n<p class=\"has-drop-cap\">En el marco de la Semana Nacional de Vacunaci\u00f3n, Macarena Montoya Olvera, Secretaria de Salud del Estado de M\u00e9xico supervis\u00f3 las acciones de medicina preventiva que realizan en la entidad mexiquense, donde se aplican 12 tipos de vacunas para proteger la salud de la poblaci\u00f3n.<br><\/p>\n\n\n\n<p>En la unidad de salud Maternidad Huixquilucan, la Titular del ramo reafirm\u00f3 el compromiso de la Presidenta Claudia Sheinbaum Pardo y de la Gobernadora Delfina G\u00f3mez \u00c1lvarez para procurar el bienestar y la salud de todas y todos.<br><\/p>\n\n\n\n<p>Record\u00f3 que la Semana Nacional de Vacunaci\u00f3n se realiza del 26 de abril al 3 de mayo de 2025. Asimismo reconoci\u00f3 el trabajo que realiza el sector salud en los hospitales y unidades m\u00e9dicas como el ISSSTE, IMSS, ISSEMyM, ISEM, IMSS-Bienestar y Defensa para fortalecer las acciones de medicina preventiva y en la atenci\u00f3n a la salud de las y los mexiquenses.<br><\/p>\n\n\n\n<p>La doctora Macarena Montoya reiter\u00f3 la invitaci\u00f3n a todas las familias a acudir a su centro de salud m\u00e1s cercano o a los m\u00f3dulos instalados en todo el territorio estatal, donde podr\u00e1n recibir los siguientes biol\u00f3gicos:<br><\/p>\n\n\n\n<ul class=\"wp-block-list\">\n<li>BCG\u2013protege contra: tuberculosis miliar y men\u00edngea.<br><\/li>\n\n\n\n<li>Hepatitis B\u2013protege contra: Hepatitis B.<br><\/li>\n\n\n\n<li>Hexavalente acelular\u2013protege contra: difteria, tosferina, t\u00e9tanos, poliomielitis, hepatitis B y Haemophilus influenzae tipo B.<br><\/li>\n\n\n\n<li>Rotavirus\u2013protege contra: diarreas por rotavirus.<br><\/li>\n\n\n\n<li>Antineumoc\u00f3cica conjugada\u2013protege contra: Neumon\u00eda y meningitis.<br><\/li>\n\n\n\n<li>Antineumoc\u00f3cica polisac\u00e1rida \u2013 protege contra: neumon\u00eda y meningitis.<br><\/li>\n\n\n\n<li>SRP\u2013protege contra: Sarampi\u00f3n, Rub\u00e9ola y Parotiditis.<br><\/li>\n\n\n\n<li>DPT-protege contra: Difteria, Tosferina y T\u00e9tanos.<br><\/li>\n\n\n\n<li>TD-protege contra: T\u00e9tanos y Difteria.<br><\/li>\n\n\n\n<li>Tdpa\u2013protege contra: Difteria, Tosferina y T\u00e9tanos<br><\/li>\n\n\n\n<li>VPH\u2013prevenci\u00f3n del c\u00e1ncer: c\u00e9rvicouterino y verrugas genitales<br><\/li>\n\n\n\n<li>SR\u2013Protege contra: Sarampi\u00f3n y Rub\u00e9ola.<br><\/li>\n<\/ul>\n\n\n\n<p>Es importante recordar que las vacunas se aplicar\u00e1n de acuerdo con la edad, condiciones de salud y antecedentes de vacunaci\u00f3n, priorizando a los siguientes grupos:<br><\/p>\n\n\n\n<ul class=\"wp-block-list\">\n<li>Primera infancia: Aplicaci\u00f3n de BCG, Hepatitis B, Hexavalente, Rotavirus y Neumococo.<br><\/li>\n\n\n\n<li>Ni\u00f1ez (1-9 a\u00f1os): Refuerzos con SRP, Neumococo y DPT.<br><\/li>\n\n\n\n<li>Adolescentes: VPH, Td, SR, Hepatitis B.<br><\/li>\n\n\n\n<li>Embarazadas: Tdpa a partir de la semana 20 de gestaci\u00f3n.<br><\/li>\n\n\n\n<li>Adultos: Refuerzos con Td, SR y Hepatitis B seg\u00fan factores de riesgo.<br><\/li>\n\n\n\n<li>Adultos mayores: Vacuna antineumoc\u00f3cica.<br><\/li>\n\n\n\n<li>Personal de salud: Refuerzos de SR y Hepatitis B.<br><\/li>\n<\/ul>\n\n\n\n<p>La Titular de Salud agradeci\u00f3 al personal m\u00e9dico y de enfermer\u00eda por su esfuerzo, dedicaci\u00f3n y compromiso para acercar las vacunas a cada rinc\u00f3n del Estado de M\u00e9xico. Reconoci\u00f3 que su labor es fundamental para garantizar que ni\u00f1as, ni\u00f1os, adolescentes, mujeres embarazadas, adultos y adultos mayores reciban la protecci\u00f3n necesaria contra enfermedades.<\/p>\n","protected":false},"excerpt":{"rendered":"<p>La Secretar\u00eda de Salud estatal invita a participar en la Semana Nacional de Vacunaci\u00f3n del 16 de abril al 3 de mayo. En el marco de la Semana Nacional de Vacunaci\u00f3n, Macarena Montoya Olvera, Secretaria de Salud del Estado de M\u00e9xico supervis\u00f3 las acciones de medicina preventiva que realizan en la entidad mexiquense, donde se [&hellip;]<\/p>\n","protected":false},"author":1,"featured_media":82100,"comment_status":"closed","ping_status":"closed","sticky":false,"template":"","format":"standard","meta":{"footnotes":""},"categories":[36],"tags":[],"class_list":["post-82099","post","type-post","status-publish","format-standard","has-post-thumbnail","hentry","category-edomex"],"_links":{"self":[{"href":"https:\/\/elinformante.mx\/index.php?rest_route=\/wp\/v2\/posts\/82099","targetHints":{"allow":["GET"]}}],"collection":[{"href":"https:\/\/elinformante.mx\/index.php?rest_route=\/wp\/v2\/posts"}],"about":[{"href":"https:\/\/elinformante.mx\/index.php?rest_route=\/wp\/v2\/types\/post"}],"author":[{"embeddable":true,"href":"https:\/\/elinformante.mx\/index.php?rest_route=\/wp\/v2\/users\/1"}],"replies":[{"embeddable":true,"href":"https:\/\/elinformante.mx\/index.php?rest_route=%2Fwp%2Fv2%2Fcomments&post=82099"}],"version-history":[{"count":0,"href":"https:\/\/elinformante.mx\/index.php?rest_route=\/wp\/v2\/posts\/82099\/revisions"}],"wp:featuredmedia":[{"embeddable":true,"href":"https:\/\/elinformante.mx\/index.php?rest_route=\/wp\/v2\/media\/82100"}],"wp:attachment":[{"href":"https:\/\/elinformante.mx\/index.php?rest_route=%2Fwp%2Fv2%2Fmedia&parent=82099"}],"wp:term":[{"taxonomy":"category","embeddable":true,"href":"https:\/\/elinformante.mx\/index.php?rest_route=%2Fwp%2Fv2%2Fcategories&post=82099"},{"taxonomy":"post_tag","embeddable":true,"href":"https:\/\/elinformante.mx\/index.php?rest_route=%2Fwp%2Fv2%2Ftags&post=82099"}],"curies":[{"name":"wp","href":"https:\/\/api.w.org\/{rel}","templated":true}]}}