{"id":82111,"date":"2025-04-29T06:17:52","date_gmt":"2025-04-29T12:17:52","guid":{"rendered":"https:\/\/elinformante.mx\/?p=82111"},"modified":"2025-04-29T06:17:57","modified_gmt":"2025-04-29T12:17:57","slug":"anuncia-delfina-gomez-inversion-historica-de-3700-mdd-para-vivienda-en-edomex","status":"publish","type":"post","link":"https:\/\/elinformante.mx\/?p=82111","title":{"rendered":"Anuncia Delfina G\u00f3mez inversi\u00f3n hist\u00f3rica de 3700 mdd para vivienda en Edom\u00e9x"},"content":{"rendered":"\n<figure class=\"wp-block-pullquote\"><blockquote><p>El Edom\u00e9x se consolida como l\u00edder nacional en generaci\u00f3n de empleo con m\u00e1s de 121 mil puestos de trabajo de septiembre de 2023 a marzo de 2025.<\/p><\/blockquote><\/figure>\n\n\n\n<p class=\"has-drop-cap\">\u201cHoy anunciamos una inversi\u00f3n privada hist\u00f3rica de m\u00e1s de 3700 millones de d\u00f3lares, que van a impactar en el Estado de M\u00e9xico no solamente en la econom\u00eda, sino en la calidad de vida de los ciudadanos. Con esta nueva inversi\u00f3n se van a crear m\u00e1s de 150 mil empleos m\u00e1s,\u201d indic\u00f3 la Gobernadora Delfina G\u00f3mez \u00c1lvarez al presentar 48 proyectos de construcci\u00f3n en la entidad mediante la participaci\u00f3n de capitales representados por la Asociaci\u00f3n de Desarrolladores Inmobiliarios (ADI).<br><\/p>\n\n\n\n<p>De septiembre de 2023 a marzo de 2025, la actual administraci\u00f3n ha generado m\u00e1s de 121 mil puestos de trabajo, y con esta nueva inversi\u00f3n se van a crear m\u00e1s de 150 mil adicionales.<br><\/p>\n\n\n\n<figure class=\"wp-block-image size-large\"><img fetchpriority=\"high\" decoding=\"async\" width=\"1024\" height=\"506\" src=\"https:\/\/elinformante.mx\/wp-content\/uploads\/2025\/04\/8DELFINA-5-2-1024x506.jpg\" alt=\"\" class=\"wp-image-82113\" srcset=\"https:\/\/elinformante.mx\/wp-content\/uploads\/2025\/04\/8DELFINA-5-2-1024x506.jpg 1024w, https:\/\/elinformante.mx\/wp-content\/uploads\/2025\/04\/8DELFINA-5-2-300x148.jpg 300w, https:\/\/elinformante.mx\/wp-content\/uploads\/2025\/04\/8DELFINA-5-2-768x379.jpg 768w, https:\/\/elinformante.mx\/wp-content\/uploads\/2025\/04\/8DELFINA-5-2.jpg 1140w\" sizes=\"(max-width: 1024px) 100vw, 1024px\" \/><\/figure>\n\n\n\n<p>En este evento, al que asisti\u00f3 Jaime Fasja Amkie, Presidente de la Asociaci\u00f3n de Desarrolladores Inmobiliarios (ADI), la Mandataria mexiquense reconoci\u00f3 la importancia de la colaboraci\u00f3n entre el sector privado y el Gobierno estatal, resaltando que esta alianza permite que el Estado de M\u00e9xico se consolide como l\u00edder nacional en generaci\u00f3n de empleos.<br><\/p>\n\n\n\n<p>Los 48 proyectos inmobiliarios estar\u00e1n ubicados en 19 municipios, entre ellos destacan Nextlalpan, Naucalpan, Cuautitl\u00e1n Izcalli, Tec\u00e1mac, Huixquilucan y Tultitl\u00e1n, promoviendo un crecimiento m\u00e1s equitativo y sostenible en el territorio mexiquense.<br><\/p>\n\n\n\n<figure class=\"wp-block-image size-large\"><img decoding=\"async\" width=\"1024\" height=\"506\" src=\"https:\/\/elinformante.mx\/wp-content\/uploads\/2025\/04\/8DELFINA-2-5-1024x506.jpg\" alt=\"\" class=\"wp-image-82114\" srcset=\"https:\/\/elinformante.mx\/wp-content\/uploads\/2025\/04\/8DELFINA-2-5-1024x506.jpg 1024w, https:\/\/elinformante.mx\/wp-content\/uploads\/2025\/04\/8DELFINA-2-5-300x148.jpg 300w, https:\/\/elinformante.mx\/wp-content\/uploads\/2025\/04\/8DELFINA-2-5-768x379.jpg 768w, https:\/\/elinformante.mx\/wp-content\/uploads\/2025\/04\/8DELFINA-2-5.jpg 1140w\" sizes=\"(max-width: 1024px) 100vw, 1024px\" \/><\/figure>\n\n\n\n<p>Con esta inversi\u00f3n se contribuye a alcanzar los objetivos trazados por la Presidenta Claudia Sheinbaum Pardo de fortalecer la econom\u00eda nacional y regional; adem\u00e1s, se suma al esfuerzo para garantizar a los mexiquenses el acceso a una vivienda digna y a precios accesibles.<br><\/p>\n\n\n\n<p>Por su parte Laura Gonz\u00e1lez Hern\u00e1ndez, Secretaria de Desarrollo Econ\u00f3mico destac\u00f3 que el Estado de M\u00e9xico ocupa el segundo lugar a nivel nacional en Inversi\u00f3n Extranjera Directa (IED), con un total de 2 mil 642 millones de d\u00f3lares al cierre de 2024.<br><\/p>\n\n\n\n<figure class=\"wp-block-image size-large\"><img decoding=\"async\" width=\"1024\" height=\"506\" src=\"https:\/\/elinformante.mx\/wp-content\/uploads\/2025\/04\/8DELFINA-3-5-1024x506.jpg\" alt=\"\" class=\"wp-image-82115\" srcset=\"https:\/\/elinformante.mx\/wp-content\/uploads\/2025\/04\/8DELFINA-3-5-1024x506.jpg 1024w, https:\/\/elinformante.mx\/wp-content\/uploads\/2025\/04\/8DELFINA-3-5-300x148.jpg 300w, https:\/\/elinformante.mx\/wp-content\/uploads\/2025\/04\/8DELFINA-3-5-768x379.jpg 768w, https:\/\/elinformante.mx\/wp-content\/uploads\/2025\/04\/8DELFINA-3-5.jpg 1140w\" sizes=\"(max-width: 1024px) 100vw, 1024px\" \/><\/figure>\n\n\n\n<p>Asegur\u00f3 que este anuncio da cuenta de la intenci\u00f3n a largo plazo de las empresas de depositar proyectos que adem\u00e1s de beneficiar al sector inmobiliario ayudan en la generaci\u00f3n de inversiones en sectores como industrial o log\u00edstico.<br><\/p>\n\n\n\n<p>\u201cEl hecho de qu\u00e9 empresas como las que hoy dan a conocer nuevas inversiones, vuelvan a confiar en el Estado de M\u00e9xico en la magnitud de lo que est\u00e1n haciendo, es una clara se\u00f1al de que este es un Estado vivo, activo y con la capacidad de competir con cualquier regi\u00f3n\u201d, dijo Laura Gonz\u00e1lez Hern\u00e1ndez.<\/p>\n\n\n\n<figure class=\"wp-block-image size-large\"><img loading=\"lazy\" decoding=\"async\" width=\"1024\" height=\"506\" src=\"https:\/\/elinformante.mx\/wp-content\/uploads\/2025\/04\/8DELFINA-10-1024x506.jpg\" alt=\"\" class=\"wp-image-82116\" srcset=\"https:\/\/elinformante.mx\/wp-content\/uploads\/2025\/04\/8DELFINA-10-1024x506.jpg 1024w, https:\/\/elinformante.mx\/wp-content\/uploads\/2025\/04\/8DELFINA-10-300x148.jpg 300w, https:\/\/elinformante.mx\/wp-content\/uploads\/2025\/04\/8DELFINA-10-768x379.jpg 768w, https:\/\/elinformante.mx\/wp-content\/uploads\/2025\/04\/8DELFINA-10.jpg 1140w\" sizes=\"(max-width: 1024px) 100vw, 1024px\" \/><\/figure>\n","protected":false},"excerpt":{"rendered":"<p>El Edom\u00e9x se consolida como l\u00edder nacional en generaci\u00f3n de empleo con m\u00e1s de 121 mil puestos de trabajo de septiembre de 2023 a marzo de 2025. \u201cHoy anunciamos una inversi\u00f3n privada hist\u00f3rica de m\u00e1s de 3700 millones de d\u00f3lares, que van a impactar en el Estado de M\u00e9xico no solamente en la econom\u00eda, sino [&hellip;]<\/p>\n","protected":false},"author":1,"featured_media":82112,"comment_status":"closed","ping_status":"closed","sticky":false,"template":"","format":"standard","meta":{"footnotes":""},"categories":[30,36,31],"tags":[46],"class_list":["post-82111","post","type-post","status-publish","format-standard","has-post-thumbnail","hentry","category-destacado","category-edomex","category-portada","tag-portadaedomex"],"_links":{"self":[{"href":"https:\/\/elinformante.mx\/index.php?rest_route=\/wp\/v2\/posts\/82111","targetHints":{"allow":["GET"]}}],"collection":[{"href":"https:\/\/elinformante.mx\/index.php?rest_route=\/wp\/v2\/posts"}],"about":[{"href":"https:\/\/elinformante.mx\/index.php?rest_route=\/wp\/v2\/types\/post"}],"author":[{"embeddable":true,"href":"https:\/\/elinformante.mx\/index.php?rest_route=\/wp\/v2\/users\/1"}],"replies":[{"embeddable":true,"href":"https:\/\/elinformante.mx\/index.php?rest_route=%2Fwp%2Fv2%2Fcomments&post=82111"}],"version-history":[{"count":0,"href":"https:\/\/elinformante.mx\/index.php?rest_route=\/wp\/v2\/posts\/82111\/revisions"}],"wp:featuredmedia":[{"embeddable":true,"href":"https:\/\/elinformante.mx\/index.php?rest_route=\/wp\/v2\/media\/82112"}],"wp:attachment":[{"href":"https:\/\/elinformante.mx\/index.php?rest_route=%2Fwp%2Fv2%2Fmedia&parent=82111"}],"wp:term":[{"taxonomy":"category","embeddable":true,"href":"https:\/\/elinformante.mx\/index.php?rest_route=%2Fwp%2Fv2%2Fcategories&post=82111"},{"taxonomy":"post_tag","embeddable":true,"href":"https:\/\/elinformante.mx\/index.php?rest_route=%2Fwp%2Fv2%2Ftags&post=82111"}],"curies":[{"name":"wp","href":"https:\/\/api.w.org\/{rel}","templated":true}]}}