{"id":82124,"date":"2025-04-29T06:34:46","date_gmt":"2025-04-29T12:34:46","guid":{"rendered":"https:\/\/elinformante.mx\/?p=82124"},"modified":"2025-04-29T06:34:49","modified_gmt":"2025-04-29T12:34:49","slug":"presentan-foro-sobre-seguridad-social-e-informalidad-laboral-en-cdmx","status":"publish","type":"post","link":"https:\/\/elinformante.mx\/?p=82124","title":{"rendered":"Presentan foro sobre seguridad social e informalidad laboral en CDMX"},"content":{"rendered":"\n<figure class=\"wp-block-pullquote\"><blockquote><p>La implementaci\u00f3n de este tipo de espacios para el debate p\u00fablico permiten trazar la ruta del plan de gobierno.<\/p><\/blockquote><\/figure>\n\n\n\n<p class=\"has-drop-cap\">En el marco de la Semana Nacional de la Seguridad Social y del D\u00eda Mundial de la Seguridad y la Salud en el Trabajo, la Secretar\u00eda de Trabajo y Fomento al Empleo (STyFE) y el Congreso de la Ciudad de M\u00e9xico, presentaron el Foro: \u201cSeguridad Social e Informalidad Laboral. Desaf\u00edos y oportunidades\u201d.<br><\/p>\n\n\n\n<p>En el Congreso de la Ciudad de M\u00e9xico, In\u00e9s Gonz\u00e1lez Nicol\u00e1s, Secretaria de Trabajo y Fomento al Empleo, destac\u00f3 la implementaci\u00f3n de este tipo de espacios para el debate p\u00fablico, ya que \u201cpermiten trazar la ruta del plan de gobierno, a trav\u00e9s de acciones coordinadas, en favor de la poblaci\u00f3n trabajadora de la Ciudad de M\u00e9xico\u201d.<br><\/p>\n\n\n\n<p>La Secretaria de Trabajo exhort\u00f3 a que se forme un programa coordinado que permita implementar acciones a corto plazo con medidas concretas para garantizar la seguridad social de las personas trabajadoras independientes, con la participaci\u00f3n de especialistas, autoridades de Gobierno, legisladores y sindicatos.<br><\/p>\n\n\n\n<p>La diputada local, X\u00f3chitl Bravo Espinosa, agreg\u00f3 que, la informalidad laboral es un problema significativo en la Ciudad de M\u00e9xico, ya que ronda el 50% de la poblaci\u00f3n ocupada, por lo que se debe garantizar que las personas que trabajan en la informalidad tengan derechos a servicios m\u00e9dicos y derechos sociales, a trav\u00e9s de pol\u00edticas p\u00fablicas claras.<br><\/p>\n\n\n\n<p>Juan Rubio Gualito, diputado local y Presidente de la Comisi\u00f3n de Asuntos Laborales, Trabajo y Previsi\u00f3n Social, hizo un llamado a elaborar soluciones a partir de las \u00e1reas de oportunidad para la base trabajadora de la Ciudad de M\u00e9xico, d\u00f3nde se incluya al sector de las personas trabajadoras asalariadas y no asalariadas.<br><\/p>\n\n\n\n<p>En su turno, Jessica Rodr\u00edguez Balderas, Directora Ejecutiva de Proyectos e Investigaci\u00f3n de la CISS, explic\u00f3 que, bajo el actual contexto de informalidad laboral, el reto es buscar el respeto a los derechos de las y los trabajadores, como el acceso a la seguridad social: \u201chemos hecho un esfuerzo con este tema, al buscar la incorporaci\u00f3n de las personas en la seguridad social, ya sea que se encuentren en la formalidad o la informalidad\u201d.<br><\/p>\n\n\n\n<p>Agreg\u00f3 que, en la Ciudad de M\u00e9xico se ha realizado un trabajo importante en la reducci\u00f3n de la informalidad laboral, ya que cuenta con una tasa menor al promedio nacional, la cual dijo, es del 54.5%, de acuerdo con cifras del Instituto Nacional de Estad\u00edstica y Geograf\u00eda (INEGI).<\/p>\n","protected":false},"excerpt":{"rendered":"<p>La implementaci\u00f3n de este tipo de espacios para el debate p\u00fablico permiten trazar la ruta del plan de gobierno. En el marco de la Semana Nacional de la Seguridad Social y del D\u00eda Mundial de la Seguridad y la Salud en el Trabajo, la Secretar\u00eda de Trabajo y Fomento al Empleo (STyFE) y el Congreso [&hellip;]<\/p>\n","protected":false},"author":1,"featured_media":82125,"comment_status":"closed","ping_status":"closed","sticky":false,"template":"","format":"standard","meta":{"footnotes":""},"categories":[35],"tags":[],"class_list":["post-82124","post","type-post","status-publish","format-standard","has-post-thumbnail","hentry","category-cdmx"],"_links":{"self":[{"href":"https:\/\/elinformante.mx\/index.php?rest_route=\/wp\/v2\/posts\/82124","targetHints":{"allow":["GET"]}}],"collection":[{"href":"https:\/\/elinformante.mx\/index.php?rest_route=\/wp\/v2\/posts"}],"about":[{"href":"https:\/\/elinformante.mx\/index.php?rest_route=\/wp\/v2\/types\/post"}],"author":[{"embeddable":true,"href":"https:\/\/elinformante.mx\/index.php?rest_route=\/wp\/v2\/users\/1"}],"replies":[{"embeddable":true,"href":"https:\/\/elinformante.mx\/index.php?rest_route=%2Fwp%2Fv2%2Fcomments&post=82124"}],"version-history":[{"count":0,"href":"https:\/\/elinformante.mx\/index.php?rest_route=\/wp\/v2\/posts\/82124\/revisions"}],"wp:featuredmedia":[{"embeddable":true,"href":"https:\/\/elinformante.mx\/index.php?rest_route=\/wp\/v2\/media\/82125"}],"wp:attachment":[{"href":"https:\/\/elinformante.mx\/index.php?rest_route=%2Fwp%2Fv2%2Fmedia&parent=82124"}],"wp:term":[{"taxonomy":"category","embeddable":true,"href":"https:\/\/elinformante.mx\/index.php?rest_route=%2Fwp%2Fv2%2Fcategories&post=82124"},{"taxonomy":"post_tag","embeddable":true,"href":"https:\/\/elinformante.mx\/index.php?rest_route=%2Fwp%2Fv2%2Ftags&post=82124"}],"curies":[{"name":"wp","href":"https:\/\/api.w.org\/{rel}","templated":true}]}}