{"id":82127,"date":"2025-04-29T06:36:20","date_gmt":"2025-04-29T12:36:20","guid":{"rendered":"https:\/\/elinformante.mx\/?p=82127"},"modified":"2025-04-29T06:36:22","modified_gmt":"2025-04-29T12:36:22","slug":"clara-brugada-presento-el-plan-integral-para-busqueda-y-localizacion-de-personas-desaparecidas","status":"publish","type":"post","link":"https:\/\/elinformante.mx\/?p=82127","title":{"rendered":"Clara Brugada present\u00f3 el Plan Integral para b\u00fasqueda y localizaci\u00f3n de personas desaparecidas"},"content":{"rendered":"\n<figure class=\"wp-block-pullquote\"><blockquote><p>-Anunci\u00f3 una inversi\u00f3n adicional de 250 millones de pesos para fortalecer la coordinaci\u00f3n interinstitucional en la b\u00fasqueda de personas<\/p><\/blockquote><\/figure>\n\n\n\n<p class=\"has-drop-cap\">La Jefa de Gobierno, Clara Brugada Molina, present\u00f3 la Estrategia de la CDMX para la B\u00fasqueda y Localizaci\u00f3n de Personas 2025-2030, que contempla un plan de acci\u00f3n integral de 20 puntos para la localizaci\u00f3n de personas desaparecidas en la capital del pa\u00eds, y una inversi\u00f3n de 250 millones de pesos.<br><\/p>\n\n\n\n<p>Dentro de este plan se incluye la creaci\u00f3n del Centro Integral de Apoyo y B\u00fasqueda de Personas, el cual entrar\u00e1 en operaci\u00f3n en agosto pr\u00f3ximo, y en el que participar\u00e1n todas las dependencias encargadas de atender casos de desaparici\u00f3n.<br><\/p>\n\n\n\n<p>La mandataria capitalina enfatiz\u00f3 que la atenci\u00f3n a esta problem\u00e1tica ser\u00e1 permanente y se reforzar\u00e1 mediante reuniones trimestrales de evaluaci\u00f3n junto con los colectivos de familias buscadoras.<br><\/p>\n\n\n\n<p>Anunci\u00f3 que el Gabinete de Desaparecidos de la CDMX continuar\u00e1 sesionando de manera diaria y se propondr\u00e1 la conformaci\u00f3n de un gabinete metropolitano, en el que participen las autoridades de los estados de M\u00e9xico, Hidalgo, Quer\u00e9taro, Morelos, Puebla y Tlaxcala, y que se instalar\u00e1 el pr\u00f3ximo mes. Adem\u00e1s, se duplicar\u00e1 el presupuesto de la Comisi\u00f3n de B\u00fasqueda y se mejorar\u00e1n las condiciones laborales de dicho personal.<br><\/p>\n\n\n\n<p>Ante familias de personas desaparecidas, integrantes del gabinete, alcaldesas y alcaldes de la CDMX, Brugada Molina reconoci\u00f3 el profundo dolor que las desapariciones provocan en las familias, los amigos y las comunidades.<br><\/p>\n\n\n\n<p>\u201cCada cifra, cada carpeta de investigaci\u00f3n representa a una persona como cualquiera de nosotros: hijos, padres, hermanos, vecinos, amigos. Todos y todas son v\u00edctimas, no culpables\u201d, expres\u00f3.<br><\/p>\n\n\n\n<p>Expuso que la Ciudad de M\u00e9xico adoptar\u00e1 los lineamientos federales en esta materia y que la pr\u00f3xima semana se publicar\u00e1 el Protocolo Homologado de B\u00fasqueda Inmediata y un foto-bolet\u00edn \u00fanico de la Ciudad de M\u00e9xico, con el objetivo de optimizar la b\u00fasqueda y fortalecer la coordinaci\u00f3n interinstitucional.<br><\/p>\n\n\n\n<p>Al detallar los 20 principales puntos de este Plan Integral, destac\u00f3 la creaci\u00f3n del Centro de Resguardo Temporal para personas fallecidas no identificadas y no reclamadas, as\u00ed como el Registro de Personas Fallecidas No Identificadas y No Reclamadas de la Ciudad de M\u00e9xico.<br><\/p>\n\n\n\n<p>Adem\u00e1s, la implementaci\u00f3n de un plan de identificaci\u00f3n gen\u00e9tica, y dio a conocer que en agosto pr\u00f3ximo se llevar\u00e1 a cabo un programa de exhumaciones en la fosa com\u00fan del Pante\u00f3n Civil de Dolores, para recuperar cuerpos y entregarlos a los familiares.<br><\/p>\n\n\n\n<p>Se establecer\u00e1n nuevas unidades en la Fiscal\u00eda para la identificaci\u00f3n de personas, as\u00ed como un protocolo entre el Instituto de Ciencias Forenses (INCIFO) y la Fiscal\u00eda capitalina, para la notificaci\u00f3n y entrega de cuerpos.<br><\/p>\n\n\n\n<p>La misma estrategia dar\u00e1 prioridad a la b\u00fasqueda en campo y a la prevenci\u00f3n de desapariciones, coordinando acciones con el Gabinete de Seguridad y la Alerta de G\u00e9nero, se crear\u00e1 un Centro de Acompa\u00f1amiento Emocional para familiares de personas desaparecidas, un programa especial para atender las causas de desaparici\u00f3n y apoyos espec\u00edficos para ni\u00f1as, ni\u00f1os y adolescentes hijos de personas desaparecidas.<br><\/p>\n\n\n\n<p>A\u00f1adi\u00f3 que fortalecer\u00e1n tecnol\u00f3gicamente los registros de juzgados c\u00edvicos, hospitales, albergues, centros penitenciarios y centros de atenci\u00f3n a adicciones para facilitar las b\u00fasquedas; se robustece la investigaci\u00f3n de delitos de desaparici\u00f3n forzada; se emprender\u00e1n campa\u00f1as de informaci\u00f3n para que la ciudadan\u00eda sepa c\u00f3mo actuar ante una desaparici\u00f3n; se fortalecer\u00e1 Locatel, y se entregar\u00e1n brazaletes identificadores a personas con condiciones m\u00e9dicas que lo soliciten.<br><\/p>\n\n\n\n<p>Brugada Molina reiter\u00f3 su compromiso absoluto con las familias buscadoras, a quienes asegur\u00f3 que no estar\u00e1n solas y que contar\u00e1n con la solidaridad y respaldo del Gabinete de Seguridad y de todas las instituciones del Gobierno de la Ciudad.<br><\/p>\n\n\n\n<p>Diversas organizaciones y colectivos de b\u00fasqueda expresaron su confianza en el plan presentado por el Gobierno de la Ciudad de M\u00e9xico, destacando que retoma sus principales demandas y mostraron disposici\u00f3n para colaborar en su implementaci\u00f3n.<\/p>\n","protected":false},"excerpt":{"rendered":"<p>-Anunci\u00f3 una inversi\u00f3n adicional de 250 millones de pesos para fortalecer la coordinaci\u00f3n interinstitucional en la b\u00fasqueda de personas La Jefa de Gobierno, Clara Brugada Molina, present\u00f3 la Estrategia de la CDMX para la B\u00fasqueda y Localizaci\u00f3n de Personas 2025-2030, que contempla un plan de acci\u00f3n integral de 20 puntos para la localizaci\u00f3n de personas [&hellip;]<\/p>\n","protected":false},"author":1,"featured_media":82128,"comment_status":"closed","ping_status":"closed","sticky":false,"template":"","format":"standard","meta":{"footnotes":""},"categories":[35,30],"tags":[],"class_list":["post-82127","post","type-post","status-publish","format-standard","has-post-thumbnail","hentry","category-cdmx","category-destacado"],"_links":{"self":[{"href":"https:\/\/elinformante.mx\/index.php?rest_route=\/wp\/v2\/posts\/82127","targetHints":{"allow":["GET"]}}],"collection":[{"href":"https:\/\/elinformante.mx\/index.php?rest_route=\/wp\/v2\/posts"}],"about":[{"href":"https:\/\/elinformante.mx\/index.php?rest_route=\/wp\/v2\/types\/post"}],"author":[{"embeddable":true,"href":"https:\/\/elinformante.mx\/index.php?rest_route=\/wp\/v2\/users\/1"}],"replies":[{"embeddable":true,"href":"https:\/\/elinformante.mx\/index.php?rest_route=%2Fwp%2Fv2%2Fcomments&post=82127"}],"version-history":[{"count":0,"href":"https:\/\/elinformante.mx\/index.php?rest_route=\/wp\/v2\/posts\/82127\/revisions"}],"wp:featuredmedia":[{"embeddable":true,"href":"https:\/\/elinformante.mx\/index.php?rest_route=\/wp\/v2\/media\/82128"}],"wp:attachment":[{"href":"https:\/\/elinformante.mx\/index.php?rest_route=%2Fwp%2Fv2%2Fmedia&parent=82127"}],"wp:term":[{"taxonomy":"category","embeddable":true,"href":"https:\/\/elinformante.mx\/index.php?rest_route=%2Fwp%2Fv2%2Fcategories&post=82127"},{"taxonomy":"post_tag","embeddable":true,"href":"https:\/\/elinformante.mx\/index.php?rest_route=%2Fwp%2Fv2%2Ftags&post=82127"}],"curies":[{"name":"wp","href":"https:\/\/api.w.org\/{rel}","templated":true}]}}